{"id":2645,"date":"2024-03-20T16:43:22","date_gmt":"2024-03-20T15:43:22","guid":{"rendered":"https:\/\/www.musikverein-neuthard.de\/?p=2645"},"modified":"2024-03-20T16:43:22","modified_gmt":"2024-03-20T15:43:22","slug":"projektorchester-feiert-probenabschluss","status":"publish","type":"post","link":"https:\/\/www.musikverein-neuthard.de\/index.php\/2024\/03\/projektorchester-feiert-probenabschluss\/","title":{"rendered":"Projektorchester feiert Probenabschluss"},"content":{"rendered":"<p><a href=\"https:\/\/www.musikverein-neuthard.de\/wp-content\/uploads\/2024\/03\/WhatsApp-Image-2024-03-18-at-21.11.35.jpeg\"><img loading=\"lazy\" decoding=\"async\" class=\"alignnone size-large wp-image-2646\" src=\"https:\/\/www.musikverein-neuthard.de\/wp-content\/uploads\/2024\/03\/WhatsApp-Image-2024-03-18-at-21.11.35-1024x771.jpeg\" alt=\"\" width=\"900\" height=\"678\" srcset=\"https:\/\/www.musikverein-neuthard.de\/wp-content\/uploads\/2024\/03\/WhatsApp-Image-2024-03-18-at-21.11.35-1024x771.jpeg 1024w, https:\/\/www.musikverein-neuthard.de\/wp-content\/uploads\/2024\/03\/WhatsApp-Image-2024-03-18-at-21.11.35-300x226.jpeg 300w, https:\/\/www.musikverein-neuthard.de\/wp-content\/uploads\/2024\/03\/WhatsApp-Image-2024-03-18-at-21.11.35-768x578.jpeg 768w, https:\/\/www.musikverein-neuthard.de\/wp-content\/uploads\/2024\/03\/WhatsApp-Image-2024-03-18-at-21.11.35-1536x1156.jpeg 1536w, https:\/\/www.musikverein-neuthard.de\/wp-content\/uploads\/2024\/03\/WhatsApp-Image-2024-03-18-at-21.11.35.jpeg 1600w\" sizes=\"auto, (max-width: 900px) 100vw, 900px\" \/><\/a><\/p>\n<p>F\u00fcr das Fr\u00fchjahrskonzert am kommenden Samstag f\u00fchlen sich die Musikerinnen und Musiker des Projektorchesters bestens ger\u00fcstet. Dirigent Markus Heneka fand nach der letzten Probe lobende Worte: &#8222;Das Projektorchester ist in kurzer Zeit zu einem harmonischen Klangk\u00f6rper zusammengewachsen. Ich bin mir sicher, dass wir das Publikum mit unserer Musik begeistern werden!&#8220; Den Abschluss feierte das Projektorchester mit Kind und Kegel im Restaurant Hellas Salute. Wir freuen uns auf zahlreiche Zuh\u00f6rer bei unserem Fr\u00fchjahrskonzert am Samstag, den 23. M\u00e4rz um 19:30 Uhr.<\/p>\n","protected":false},"excerpt":{"rendered":"<p>F\u00fcr das Fr\u00fchjahrskonzert am kommenden Samstag f\u00fchlen sich die Musikerinnen und Musiker des Projektorchesters bestens ger\u00fcstet. Dirigent Markus Heneka fand nach der letzten Probe lobende<\/p>\n","protected":false},"author":3,"featured_media":2646,"comment_status":"closed","ping_status":"closed","sticky":false,"template":"","format":"standard","meta":{"footnotes":""},"categories":[2],"tags":[],"class_list":["post-2645","post","type-post","status-publish","format-standard","has-post-thumbnail","hentry","category-aktuelles"],"_links":{"self":[{"href":"https:\/\/www.musikverein-neuthard.de\/index.php\/wp-json\/wp\/v2\/posts\/2645","targetHints":{"allow":["GET"]}}],"collection":[{"href":"https:\/\/www.musikverein-neuthard.de\/index.php\/wp-json\/wp\/v2\/posts"}],"about":[{"href":"https:\/\/www.musikverein-neuthard.de\/index.php\/wp-json\/wp\/v2\/types\/post"}],"author":[{"embeddable":true,"href":"https:\/\/www.musikverein-neuthard.de\/index.php\/wp-json\/wp\/v2\/users\/3"}],"replies":[{"embeddable":true,"href":"https:\/\/www.musikverein-neuthard.de\/index.php\/wp-json\/wp\/v2\/comments?post=2645"}],"version-history":[{"count":1,"href":"https:\/\/www.musikverein-neuthard.de\/index.php\/wp-json\/wp\/v2\/posts\/2645\/revisions"}],"predecessor-version":[{"id":2647,"href":"https:\/\/www.musikverein-neuthard.de\/index.php\/wp-json\/wp\/v2\/posts\/2645\/revisions\/2647"}],"wp:featuredmedia":[{"embeddable":true,"href":"https:\/\/www.musikverein-neuthard.de\/index.php\/wp-json\/wp\/v2\/media\/2646"}],"wp:attachment":[{"href":"https:\/\/www.musikverein-neuthard.de\/index.php\/wp-json\/wp\/v2\/media?parent=2645"}],"wp:term":[{"taxonomy":"category","embeddable":true,"href":"https:\/\/www.musikverein-neuthard.de\/index.php\/wp-json\/wp\/v2\/categories?post=2645"},{"taxonomy":"post_tag","embeddable":true,"href":"https:\/\/www.musikverein-neuthard.de\/index.php\/wp-json\/wp\/v2\/tags?post=2645"}],"curies":[{"name":"wp","href":"https:\/\/api.w.org\/{rel}","templated":true}]}}