{"id":2708,"date":"2024-05-24T15:24:29","date_gmt":"2024-05-24T13:24:29","guid":{"rendered":"https:\/\/www.musikverein-neuthard.de\/?p=2708"},"modified":"2024-05-24T16:24:39","modified_gmt":"2024-05-24T14:24:39","slug":"musikalischer-ausflug-zu-unseren-freunden-nach-hoerdt","status":"publish","type":"post","link":"https:\/\/www.musikverein-neuthard.de\/index.php\/2024\/05\/musikalischer-ausflug-zu-unseren-freunden-nach-hoerdt\/","title":{"rendered":"Musikalischer Ausflug zu unseren Freunden nach H\u00f6rdt"},"content":{"rendered":"<p><a href=\"https:\/\/www.musikverein-neuthard.de\/wp-content\/uploads\/2024\/05\/image240521090838326599-AS_IMG-202405.jpg\"><img loading=\"lazy\" decoding=\"async\" class=\"alignnone size-large wp-image-2709\" src=\"https:\/\/www.musikverein-neuthard.de\/wp-content\/uploads\/2024\/05\/image240521090838326599-AS_IMG-202405-1024x768.jpg\" alt=\"\" width=\"900\" height=\"675\" srcset=\"https:\/\/www.musikverein-neuthard.de\/wp-content\/uploads\/2024\/05\/image240521090838326599-AS_IMG-202405-1024x768.jpg 1024w, https:\/\/www.musikverein-neuthard.de\/wp-content\/uploads\/2024\/05\/image240521090838326599-AS_IMG-202405-300x225.jpg 300w, https:\/\/www.musikverein-neuthard.de\/wp-content\/uploads\/2024\/05\/image240521090838326599-AS_IMG-202405-768x576.jpg 768w, https:\/\/www.musikverein-neuthard.de\/wp-content\/uploads\/2024\/05\/image240521090838326599-AS_IMG-202405-1536x1152.jpg 1536w, https:\/\/www.musikverein-neuthard.de\/wp-content\/uploads\/2024\/05\/image240521090838326599-AS_IMG-202405.jpg 1600w\" sizes=\"auto, (max-width: 900px) 100vw, 900px\" \/><\/a><\/p>\n<p>Unser Auftritt beim MV H\u00f6rdt wurde zum kleinen \u201eMusikvereinsausflug\u201c. Gemeinsam starteten wir mit dem Bus zum MV H\u00f6rdt in die Pfalz. Knapp zwei Stunden unterhielten wir das Pf\u00e4lzer-Publikum mit unserer bew\u00e4hrten musikalischen Mischung aus Polka, Marsch, Schlager und Gesang. Unter der Stabf\u00fchrung von Markus Heneka trotzten wir einem vorbeiziehenden Unwetter. Walter, Martin und Stefan gaben gesanglich alles, um das Publikum die tr\u00fcben Wolken und den kr\u00e4ftigen Wind vergessen zu lassen.<\/p>\n<p>Nach unserem Auftritt testeten wir kr\u00e4ftig die Speisen und vor allem die Getr\u00e4nke, bis wir uns gemeinsam gegen 24 Uhr mit dem Bus auf den Heimweg machten.<\/p>\n","protected":false},"excerpt":{"rendered":"<p>Unser Auftritt beim MV H\u00f6rdt wurde zum kleinen \u201eMusikvereinsausflug\u201c. Gemeinsam starteten wir mit dem Bus zum MV H\u00f6rdt in die Pfalz. Knapp zwei Stunden unterhielten<\/p>\n","protected":false},"author":3,"featured_media":2709,"comment_status":"closed","ping_status":"closed","sticky":false,"template":"","format":"standard","meta":{"footnotes":""},"categories":[2],"tags":[],"class_list":["post-2708","post","type-post","status-publish","format-standard","has-post-thumbnail","hentry","category-aktuelles"],"_links":{"self":[{"href":"https:\/\/www.musikverein-neuthard.de\/index.php\/wp-json\/wp\/v2\/posts\/2708","targetHints":{"allow":["GET"]}}],"collection":[{"href":"https:\/\/www.musikverein-neuthard.de\/index.php\/wp-json\/wp\/v2\/posts"}],"about":[{"href":"https:\/\/www.musikverein-neuthard.de\/index.php\/wp-json\/wp\/v2\/types\/post"}],"author":[{"embeddable":true,"href":"https:\/\/www.musikverein-neuthard.de\/index.php\/wp-json\/wp\/v2\/users\/3"}],"replies":[{"embeddable":true,"href":"https:\/\/www.musikverein-neuthard.de\/index.php\/wp-json\/wp\/v2\/comments?post=2708"}],"version-history":[{"count":1,"href":"https:\/\/www.musikverein-neuthard.de\/index.php\/wp-json\/wp\/v2\/posts\/2708\/revisions"}],"predecessor-version":[{"id":2710,"href":"https:\/\/www.musikverein-neuthard.de\/index.php\/wp-json\/wp\/v2\/posts\/2708\/revisions\/2710"}],"wp:featuredmedia":[{"embeddable":true,"href":"https:\/\/www.musikverein-neuthard.de\/index.php\/wp-json\/wp\/v2\/media\/2709"}],"wp:attachment":[{"href":"https:\/\/www.musikverein-neuthard.de\/index.php\/wp-json\/wp\/v2\/media?parent=2708"}],"wp:term":[{"taxonomy":"category","embeddable":true,"href":"https:\/\/www.musikverein-neuthard.de\/index.php\/wp-json\/wp\/v2\/categories?post=2708"},{"taxonomy":"post_tag","embeddable":true,"href":"https:\/\/www.musikverein-neuthard.de\/index.php\/wp-json\/wp\/v2\/tags?post=2708"}],"curies":[{"name":"wp","href":"https:\/\/api.w.org\/{rel}","templated":true}]}}