{"id":2729,"date":"2024-06-24T20:46:59","date_gmt":"2024-06-24T18:46:59","guid":{"rendered":"https:\/\/www.musikverein-neuthard.de\/?p=2729"},"modified":"2024-06-24T20:46:59","modified_gmt":"2024-06-24T18:46:59","slug":"dorffest-2024","status":"publish","type":"post","link":"https:\/\/www.musikverein-neuthard.de\/index.php\/2024\/06\/dorffest-2024\/","title":{"rendered":"Dorffest 2024"},"content":{"rendered":"<p><a href=\"https:\/\/www.musikverein-neuthard.de\/wp-content\/uploads\/2024\/06\/46738348_240618071752210803-AS_IMG-20240616-WA0001.jpg\"><img loading=\"lazy\" decoding=\"async\" class=\"alignnone size-large wp-image-2730\" src=\"https:\/\/www.musikverein-neuthard.de\/wp-content\/uploads\/2024\/06\/46738348_240618071752210803-AS_IMG-20240616-WA0001-1024x461.jpg\" alt=\"\" width=\"900\" height=\"405\" srcset=\"https:\/\/www.musikverein-neuthard.de\/wp-content\/uploads\/2024\/06\/46738348_240618071752210803-AS_IMG-20240616-WA0001-1024x461.jpg 1024w, https:\/\/www.musikverein-neuthard.de\/wp-content\/uploads\/2024\/06\/46738348_240618071752210803-AS_IMG-20240616-WA0001-300x135.jpg 300w, https:\/\/www.musikverein-neuthard.de\/wp-content\/uploads\/2024\/06\/46738348_240618071752210803-AS_IMG-20240616-WA0001-768x346.jpg 768w, https:\/\/www.musikverein-neuthard.de\/wp-content\/uploads\/2024\/06\/46738348_240618071752210803-AS_IMG-20240616-WA0001-1536x692.jpg 1536w, https:\/\/www.musikverein-neuthard.de\/wp-content\/uploads\/2024\/06\/46738348_240618071752210803-AS_IMG-20240616-WA0001.jpg 2048w\" sizes=\"auto, (max-width: 900px) 100vw, 900px\" \/><\/a><\/p>\n<p>Mit der Er\u00f6ffnung des Dorffestes um 17 Uhr durch Martin Bellm und dem Musikverein Neuthard unter der Leitung von Markus Heneka fing die Sonne an zu strahlen und die Windb\u00f6en lie\u00dfen nach.<\/p>\n<p>Der MV Neuthard kann auf ein gelungenes Dorffest zur\u00fcckblicken. Zahlreiche Festbesucher konnten mit Getr\u00e4nken, Cocktails, herzhaften und s\u00fc\u00dfen Speisen verk\u00f6stigt werden. Musikalisch durften wir zur Er\u00f6ffnung, die Funband am Samstagabend und die Jugendkapelle am Sonntag zur Mittagszeit das Festpublikum verzaubern.<\/p>\n<p><strong>Wir freuen uns auf das Dorffest 2025 und Ihren Besuch!<\/strong><\/p>\n","protected":false},"excerpt":{"rendered":"<p>Mit der Er\u00f6ffnung des Dorffestes um 17 Uhr durch Martin Bellm und dem Musikverein Neuthard unter der Leitung von Markus Heneka fing die Sonne an<\/p>\n","protected":false},"author":3,"featured_media":2730,"comment_status":"closed","ping_status":"closed","sticky":false,"template":"","format":"standard","meta":{"footnotes":""},"categories":[2],"tags":[],"class_list":["post-2729","post","type-post","status-publish","format-standard","has-post-thumbnail","hentry","category-aktuelles"],"_links":{"self":[{"href":"https:\/\/www.musikverein-neuthard.de\/index.php\/wp-json\/wp\/v2\/posts\/2729","targetHints":{"allow":["GET"]}}],"collection":[{"href":"https:\/\/www.musikverein-neuthard.de\/index.php\/wp-json\/wp\/v2\/posts"}],"about":[{"href":"https:\/\/www.musikverein-neuthard.de\/index.php\/wp-json\/wp\/v2\/types\/post"}],"author":[{"embeddable":true,"href":"https:\/\/www.musikverein-neuthard.de\/index.php\/wp-json\/wp\/v2\/users\/3"}],"replies":[{"embeddable":true,"href":"https:\/\/www.musikverein-neuthard.de\/index.php\/wp-json\/wp\/v2\/comments?post=2729"}],"version-history":[{"count":1,"href":"https:\/\/www.musikverein-neuthard.de\/index.php\/wp-json\/wp\/v2\/posts\/2729\/revisions"}],"predecessor-version":[{"id":2731,"href":"https:\/\/www.musikverein-neuthard.de\/index.php\/wp-json\/wp\/v2\/posts\/2729\/revisions\/2731"}],"wp:featuredmedia":[{"embeddable":true,"href":"https:\/\/www.musikverein-neuthard.de\/index.php\/wp-json\/wp\/v2\/media\/2730"}],"wp:attachment":[{"href":"https:\/\/www.musikverein-neuthard.de\/index.php\/wp-json\/wp\/v2\/media?parent=2729"}],"wp:term":[{"taxonomy":"category","embeddable":true,"href":"https:\/\/www.musikverein-neuthard.de\/index.php\/wp-json\/wp\/v2\/categories?post=2729"},{"taxonomy":"post_tag","embeddable":true,"href":"https:\/\/www.musikverein-neuthard.de\/index.php\/wp-json\/wp\/v2\/tags?post=2729"}],"curies":[{"name":"wp","href":"https:\/\/api.w.org\/{rel}","templated":true}]}}