{"id":2771,"date":"2024-07-25T17:44:49","date_gmt":"2024-07-25T15:44:49","guid":{"rendered":"https:\/\/www.musikverein-neuthard.de\/?p=2771"},"modified":"2024-07-25T17:44:49","modified_gmt":"2024-07-25T15:44:49","slug":"gemeinschaftliche-musikprobe","status":"publish","type":"post","link":"https:\/\/www.musikverein-neuthard.de\/index.php\/2024\/07\/gemeinschaftliche-musikprobe\/","title":{"rendered":"Gemeinschaftliche Musikprobe"},"content":{"rendered":"<p><a href=\"https:\/\/www.musikverein-neuthard.de\/wp-content\/uploads\/2024\/07\/46860284_240722131720946292-AS_IMG-20240722-WA0001.jpg\"><img loading=\"lazy\" decoding=\"async\" class=\"alignnone size-large wp-image-2773\" src=\"https:\/\/www.musikverein-neuthard.de\/wp-content\/uploads\/2024\/07\/46860284_240722131720946292-AS_IMG-20240722-WA0001-1024x768.jpg\" alt=\"\" width=\"900\" height=\"675\" srcset=\"https:\/\/www.musikverein-neuthard.de\/wp-content\/uploads\/2024\/07\/46860284_240722131720946292-AS_IMG-20240722-WA0001-1024x768.jpg 1024w, https:\/\/www.musikverein-neuthard.de\/wp-content\/uploads\/2024\/07\/46860284_240722131720946292-AS_IMG-20240722-WA0001-300x225.jpg 300w, https:\/\/www.musikverein-neuthard.de\/wp-content\/uploads\/2024\/07\/46860284_240722131720946292-AS_IMG-20240722-WA0001-768x576.jpg 768w, https:\/\/www.musikverein-neuthard.de\/wp-content\/uploads\/2024\/07\/46860284_240722131720946292-AS_IMG-20240722-WA0001-1536x1152.jpg 1536w, https:\/\/www.musikverein-neuthard.de\/wp-content\/uploads\/2024\/07\/46860284_240722131720946292-AS_IMG-20240722-WA0001.jpg 2000w\" sizes=\"auto, (max-width: 900px) 100vw, 900px\" \/><\/a><\/p>\n<p>Am Freitag, den 19. Juli 2024 fand eine gemeinschafltiche Musikprobe der Jugendkapelle und des ersten Orchesters unter der Stabf\u00fchrung von Vize-Dirigent Markus Heneka statt. Unser Dirigent Michael Schuhmacher weilte schon im wohlverdienten Urlaub. Aufgrund des sch\u00f6nen Wetters verlegten wir diese kurzerhand in unseren wundersch\u00f6nen Biergarten. Gemeinsam probten wir ein v\u00f6llig neues Musikst\u00fcck und vertieften unsere Kenntnisse des Marsches \u201eDas Badnerlied\u201c und einer Polka.<\/p>\n","protected":false},"excerpt":{"rendered":"<p>Am Freitag, den 19. Juli 2024 fand eine gemeinschafltiche Musikprobe der Jugendkapelle und des ersten Orchesters unter der Stabf\u00fchrung von Vize-Dirigent Markus Heneka statt. Unser<\/p>\n","protected":false},"author":3,"featured_media":2773,"comment_status":"closed","ping_status":"closed","sticky":false,"template":"","format":"standard","meta":{"footnotes":""},"categories":[2],"tags":[],"class_list":["post-2771","post","type-post","status-publish","format-standard","has-post-thumbnail","hentry","category-aktuelles"],"_links":{"self":[{"href":"https:\/\/www.musikverein-neuthard.de\/index.php\/wp-json\/wp\/v2\/posts\/2771","targetHints":{"allow":["GET"]}}],"collection":[{"href":"https:\/\/www.musikverein-neuthard.de\/index.php\/wp-json\/wp\/v2\/posts"}],"about":[{"href":"https:\/\/www.musikverein-neuthard.de\/index.php\/wp-json\/wp\/v2\/types\/post"}],"author":[{"embeddable":true,"href":"https:\/\/www.musikverein-neuthard.de\/index.php\/wp-json\/wp\/v2\/users\/3"}],"replies":[{"embeddable":true,"href":"https:\/\/www.musikverein-neuthard.de\/index.php\/wp-json\/wp\/v2\/comments?post=2771"}],"version-history":[{"count":1,"href":"https:\/\/www.musikverein-neuthard.de\/index.php\/wp-json\/wp\/v2\/posts\/2771\/revisions"}],"predecessor-version":[{"id":2774,"href":"https:\/\/www.musikverein-neuthard.de\/index.php\/wp-json\/wp\/v2\/posts\/2771\/revisions\/2774"}],"wp:featuredmedia":[{"embeddable":true,"href":"https:\/\/www.musikverein-neuthard.de\/index.php\/wp-json\/wp\/v2\/media\/2773"}],"wp:attachment":[{"href":"https:\/\/www.musikverein-neuthard.de\/index.php\/wp-json\/wp\/v2\/media?parent=2771"}],"wp:term":[{"taxonomy":"category","embeddable":true,"href":"https:\/\/www.musikverein-neuthard.de\/index.php\/wp-json\/wp\/v2\/categories?post=2771"},{"taxonomy":"post_tag","embeddable":true,"href":"https:\/\/www.musikverein-neuthard.de\/index.php\/wp-json\/wp\/v2\/tags?post=2771"}],"curies":[{"name":"wp","href":"https:\/\/api.w.org\/{rel}","templated":true}]}}