{"id":2797,"date":"2024-09-26T11:20:15","date_gmt":"2024-09-26T09:20:15","guid":{"rendered":"https:\/\/www.musikverein-neuthard.de\/?p=2797"},"modified":"2024-09-26T11:20:15","modified_gmt":"2024-09-26T09:20:15","slug":"gratulation-zum-silber-abzeichen","status":"publish","type":"post","link":"https:\/\/www.musikverein-neuthard.de\/index.php\/2024\/09\/gratulation-zum-silber-abzeichen\/","title":{"rendered":"Gratulation zum Silber-Abzeichen!"},"content":{"rendered":"<p><a href=\"https:\/\/www.musikverein-neuthard.de\/wp-content\/uploads\/2024\/09\/46905867_240805122650163344-AS_IMG-20240805-WA0002.jpg\"><img loading=\"lazy\" decoding=\"async\" class=\"alignnone size-large wp-image-2798\" src=\"https:\/\/www.musikverein-neuthard.de\/wp-content\/uploads\/2024\/09\/46905867_240805122650163344-AS_IMG-20240805-WA0002-768x1024.jpg\" alt=\"\" width=\"768\" height=\"1024\" \/><\/a><\/p>\n<p>Am 2. August 2024 hat Eva Baumg\u00e4rtner aus dem Fl\u00fcgelhornregister das Silber-Abzeichen des Blasmusikverbandes Karlsruhe absolviert. Nach f\u00fcnf Tagen intensivem Theorie- und Praxisunterricht haben eine kleine Gruppe von Musikern sie zum Abschlusskonzert im Schloss Flehingen besucht.<\/p>\n<p><strong>Herzlichen Gl\u00fcckwunsch Eva!<\/strong><\/p>\n","protected":false},"excerpt":{"rendered":"<p>Am 2. August 2024 hat Eva Baumg\u00e4rtner aus dem Fl\u00fcgelhornregister das Silber-Abzeichen des Blasmusikverbandes Karlsruhe absolviert. Nach f\u00fcnf Tagen intensivem Theorie- und Praxisunterricht haben eine<\/p>\n","protected":false},"author":3,"featured_media":2798,"comment_status":"closed","ping_status":"closed","sticky":false,"template":"","format":"standard","meta":{"footnotes":""},"categories":[2],"tags":[],"class_list":["post-2797","post","type-post","status-publish","format-standard","has-post-thumbnail","hentry","category-aktuelles"],"_links":{"self":[{"href":"https:\/\/www.musikverein-neuthard.de\/index.php\/wp-json\/wp\/v2\/posts\/2797","targetHints":{"allow":["GET"]}}],"collection":[{"href":"https:\/\/www.musikverein-neuthard.de\/index.php\/wp-json\/wp\/v2\/posts"}],"about":[{"href":"https:\/\/www.musikverein-neuthard.de\/index.php\/wp-json\/wp\/v2\/types\/post"}],"author":[{"embeddable":true,"href":"https:\/\/www.musikverein-neuthard.de\/index.php\/wp-json\/wp\/v2\/users\/3"}],"replies":[{"embeddable":true,"href":"https:\/\/www.musikverein-neuthard.de\/index.php\/wp-json\/wp\/v2\/comments?post=2797"}],"version-history":[{"count":1,"href":"https:\/\/www.musikverein-neuthard.de\/index.php\/wp-json\/wp\/v2\/posts\/2797\/revisions"}],"predecessor-version":[{"id":2799,"href":"https:\/\/www.musikverein-neuthard.de\/index.php\/wp-json\/wp\/v2\/posts\/2797\/revisions\/2799"}],"wp:featuredmedia":[{"embeddable":true,"href":"https:\/\/www.musikverein-neuthard.de\/index.php\/wp-json\/wp\/v2\/media\/2798"}],"wp:attachment":[{"href":"https:\/\/www.musikverein-neuthard.de\/index.php\/wp-json\/wp\/v2\/media?parent=2797"}],"wp:term":[{"taxonomy":"category","embeddable":true,"href":"https:\/\/www.musikverein-neuthard.de\/index.php\/wp-json\/wp\/v2\/categories?post=2797"},{"taxonomy":"post_tag","embeddable":true,"href":"https:\/\/www.musikverein-neuthard.de\/index.php\/wp-json\/wp\/v2\/tags?post=2797"}],"curies":[{"name":"wp","href":"https:\/\/api.w.org\/{rel}","templated":true}]}}