{"id":2992,"date":"2025-04-22T07:05:13","date_gmt":"2025-04-22T05:05:13","guid":{"rendered":"https:\/\/www.musikverein-neuthard.de\/?p=2992"},"modified":"2025-04-22T07:05:13","modified_gmt":"2025-04-22T05:05:13","slug":"auf-abenteuerreise-mit-dem-mv-neuthard","status":"publish","type":"post","link":"https:\/\/www.musikverein-neuthard.de\/index.php\/2025\/04\/auf-abenteuerreise-mit-dem-mv-neuthard\/","title":{"rendered":"Auf Abenteuerreise mit dem MV Neuthard"},"content":{"rendered":"<p><a href=\"https:\/\/www.musikverein-neuthard.de\/wp-content\/uploads\/2025\/04\/image0916338957767-AS_IMG-6693-scaled.jpg\"><img loading=\"lazy\" decoding=\"async\" class=\"alignnone size-large wp-image-2993\" src=\"https:\/\/www.musikverein-neuthard.de\/wp-content\/uploads\/2025\/04\/image0916338957767-AS_IMG-6693-1024x683.jpg\" alt=\"\" width=\"900\" height=\"600\" srcset=\"https:\/\/www.musikverein-neuthard.de\/wp-content\/uploads\/2025\/04\/image0916338957767-AS_IMG-6693-1024x683.jpg 1024w, https:\/\/www.musikverein-neuthard.de\/wp-content\/uploads\/2025\/04\/image0916338957767-AS_IMG-6693-300x200.jpg 300w, https:\/\/www.musikverein-neuthard.de\/wp-content\/uploads\/2025\/04\/image0916338957767-AS_IMG-6693-768x512.jpg 768w, https:\/\/www.musikverein-neuthard.de\/wp-content\/uploads\/2025\/04\/image0916338957767-AS_IMG-6693-1536x1024.jpg 1536w, https:\/\/www.musikverein-neuthard.de\/wp-content\/uploads\/2025\/04\/image0916338957767-AS_IMG-6693-2048x1365.jpg 2048w\" sizes=\"auto, (max-width: 900px) 100vw, 900px\" \/><\/a><\/p>\n<p>Mit dem \u201eKlang der Abenteuer\u201c nahm der MVN am vergangenen Samstag seine Zuh\u00f6rer mit, unbekannte Landschaften und geheimnisvolle L\u00e4nder klanglich und auch visuell zu durchstreifen. Ein genau auf das Motto abgestimmtes Licht- und B\u00fchnenkonzept (M. Bellm) mit passendem B\u00fchnenbild (M. Graf) erwartete die Zuh\u00f6rer schon beim Betreten des Saals und setzte die ersten geheimnisvollen Akzente.<\/p>\n<p>Mit der \u201eRiverside Ouvert\u00fcre\u201c von Robert Sheldon er\u00f6ffnete Dirigent Michael Schuhmacher fulminant das Konzert und versetzte die Zuh\u00f6rer sofort in Aufbruchstimmung.<\/p>\n<p>Kaum eine Geschichte verk\u00f6rpert den Geist des Abenteuers so sehr wie \u201eDas Dschungelbuch\u201c. Die anspruchsvolle Komposition der Br\u00fcder Richard und Robert Sherman war der Hauptakt mit einigen solistischen Stellen des ersten Konzertteils. Als S\u00e4nger und einer der Solisten brachte Martin Bellm im Anschluss nochmals das bekannteste St\u00fcck \u201eThe Bare Necessities\u201c dem Publikum nahe.<\/p>\n<p>Mit herzlichen Worten f\u00fchrte Frau Erdel vom Blasmusikverband KA die anstehenden Ehrungen mit der Verbandsehrennadel in Bronze (S. Krieger, A. Baumg\u00e4rtner), in Silber (Seb. Krieger, M. Kratschmann) und in Gold f\u00fcr 30 Jahre (M. Sch\u00e4fer, M. Schuhmacher, W. \u00dcberh\u00f6r) durch. Besonders stolz sind wir auf die silberne Verdienstnadel f\u00fcr 25 Jahre Dirigentschaft und freuen uns mit Markus Heneka.<\/p>\n<p>Die kraftvollen Fanfaren des Konzertmarsches \u201eFeuer und Flamme\u201c von Kurt P\u00fchringer k\u00fcndigten das Ende des ersten Konzertteils an.<\/p>\n<p>&nbsp;<\/p>\n","protected":false},"excerpt":{"rendered":"<p>Mit dem \u201eKlang der Abenteuer\u201c nahm der MVN am vergangenen Samstag seine Zuh\u00f6rer mit, unbekannte Landschaften und geheimnisvolle L\u00e4nder klanglich und auch visuell zu durchstreifen.<\/p>\n","protected":false},"author":3,"featured_media":2993,"comment_status":"closed","ping_status":"closed","sticky":false,"template":"","format":"standard","meta":{"footnotes":""},"categories":[2],"tags":[],"class_list":["post-2992","post","type-post","status-publish","format-standard","has-post-thumbnail","hentry","category-aktuelles"],"_links":{"self":[{"href":"https:\/\/www.musikverein-neuthard.de\/index.php\/wp-json\/wp\/v2\/posts\/2992","targetHints":{"allow":["GET"]}}],"collection":[{"href":"https:\/\/www.musikverein-neuthard.de\/index.php\/wp-json\/wp\/v2\/posts"}],"about":[{"href":"https:\/\/www.musikverein-neuthard.de\/index.php\/wp-json\/wp\/v2\/types\/post"}],"author":[{"embeddable":true,"href":"https:\/\/www.musikverein-neuthard.de\/index.php\/wp-json\/wp\/v2\/users\/3"}],"replies":[{"embeddable":true,"href":"https:\/\/www.musikverein-neuthard.de\/index.php\/wp-json\/wp\/v2\/comments?post=2992"}],"version-history":[{"count":1,"href":"https:\/\/www.musikverein-neuthard.de\/index.php\/wp-json\/wp\/v2\/posts\/2992\/revisions"}],"predecessor-version":[{"id":2994,"href":"https:\/\/www.musikverein-neuthard.de\/index.php\/wp-json\/wp\/v2\/posts\/2992\/revisions\/2994"}],"wp:featuredmedia":[{"embeddable":true,"href":"https:\/\/www.musikverein-neuthard.de\/index.php\/wp-json\/wp\/v2\/media\/2993"}],"wp:attachment":[{"href":"https:\/\/www.musikverein-neuthard.de\/index.php\/wp-json\/wp\/v2\/media?parent=2992"}],"wp:term":[{"taxonomy":"category","embeddable":true,"href":"https:\/\/www.musikverein-neuthard.de\/index.php\/wp-json\/wp\/v2\/categories?post=2992"},{"taxonomy":"post_tag","embeddable":true,"href":"https:\/\/www.musikverein-neuthard.de\/index.php\/wp-json\/wp\/v2\/tags?post=2992"}],"curies":[{"name":"wp","href":"https:\/\/api.w.org\/{rel}","templated":true}]}}