{"id":3138,"date":"2025-08-11T17:31:35","date_gmt":"2025-08-11T15:31:35","guid":{"rendered":"https:\/\/www.musikverein-neuthard.de\/?p=3138"},"modified":"2025-08-11T17:31:35","modified_gmt":"2025-08-11T15:31:35","slug":"yibiiiiiii-geschafft-3","status":"publish","type":"post","link":"https:\/\/www.musikverein-neuthard.de\/index.php\/2025\/08\/yibiiiiiii-geschafft-3\/","title":{"rendered":"Yibiiiiiii, geschafft!"},"content":{"rendered":"<p dir=\"ltr\"><img loading=\"lazy\" decoding=\"async\" class=\"alignnone size-large wp-image-3140\" src=\"https:\/\/www.musikverein-neuthard.de\/wp-content\/uploads\/2025\/08\/1000200118-1024x771.jpg\" alt=\"\" width=\"900\" height=\"678\" srcset=\"https:\/\/www.musikverein-neuthard.de\/wp-content\/uploads\/2025\/08\/1000200118-1024x771.jpg 1024w, https:\/\/www.musikverein-neuthard.de\/wp-content\/uploads\/2025\/08\/1000200118-300x226.jpg 300w, https:\/\/www.musikverein-neuthard.de\/wp-content\/uploads\/2025\/08\/1000200118-768x578.jpg 768w, https:\/\/www.musikverein-neuthard.de\/wp-content\/uploads\/2025\/08\/1000200118-1536x1157.jpg 1536w, https:\/\/www.musikverein-neuthard.de\/wp-content\/uploads\/2025\/08\/1000200118-2048x1542.jpg 2048w\" sizes=\"auto, (max-width: 900px) 100vw, 900px\" \/><\/p>\n<p dir=\"ltr\">Zwei Jahe musikalische Fr\u00fcherziehung sind nun vorbei, wir haben viel gelernt und eine Menge Spa\u00df gehabt. Nun freuen wir uns auf den Fl\u00f6tenunterricht ab September.<\/p>\n<p dir=\"ltr\">Hier k\u00f6nnen wir das Erlernte erweitern und uns prima auf ein Musikinstrument vorbereiten.<img loading=\"lazy\" decoding=\"async\" class=\"alignnone size-large wp-image-3139\" src=\"https:\/\/www.musikverein-neuthard.de\/wp-content\/uploads\/2025\/08\/1000199928-1024x771.jpg\" alt=\"\" width=\"900\" height=\"678\" srcset=\"https:\/\/www.musikverein-neuthard.de\/wp-content\/uploads\/2025\/08\/1000199928-1024x771.jpg 1024w, https:\/\/www.musikverein-neuthard.de\/wp-content\/uploads\/2025\/08\/1000199928-300x226.jpg 300w, https:\/\/www.musikverein-neuthard.de\/wp-content\/uploads\/2025\/08\/1000199928-768x578.jpg 768w, https:\/\/www.musikverein-neuthard.de\/wp-content\/uploads\/2025\/08\/1000199928-1536x1157.jpg 1536w, https:\/\/www.musikverein-neuthard.de\/wp-content\/uploads\/2025\/08\/1000199928-2048x1542.jpg 2048w\" sizes=\"auto, (max-width: 900px) 100vw, 900px\" \/><\/p>\n","protected":false},"excerpt":{"rendered":"<p>Zwei Jahe musikalische Fr\u00fcherziehung sind nun vorbei, wir haben viel gelernt und eine Menge Spa\u00df gehabt. Nun freuen wir uns auf den Fl\u00f6tenunterricht ab September.<\/p>\n","protected":false},"author":3,"featured_media":3140,"comment_status":"closed","ping_status":"closed","sticky":false,"template":"","format":"standard","meta":{"footnotes":""},"categories":[2],"tags":[],"class_list":["post-3138","post","type-post","status-publish","format-standard","has-post-thumbnail","hentry","category-aktuelles"],"_links":{"self":[{"href":"https:\/\/www.musikverein-neuthard.de\/index.php\/wp-json\/wp\/v2\/posts\/3138","targetHints":{"allow":["GET"]}}],"collection":[{"href":"https:\/\/www.musikverein-neuthard.de\/index.php\/wp-json\/wp\/v2\/posts"}],"about":[{"href":"https:\/\/www.musikverein-neuthard.de\/index.php\/wp-json\/wp\/v2\/types\/post"}],"author":[{"embeddable":true,"href":"https:\/\/www.musikverein-neuthard.de\/index.php\/wp-json\/wp\/v2\/users\/3"}],"replies":[{"embeddable":true,"href":"https:\/\/www.musikverein-neuthard.de\/index.php\/wp-json\/wp\/v2\/comments?post=3138"}],"version-history":[{"count":1,"href":"https:\/\/www.musikverein-neuthard.de\/index.php\/wp-json\/wp\/v2\/posts\/3138\/revisions"}],"predecessor-version":[{"id":3141,"href":"https:\/\/www.musikverein-neuthard.de\/index.php\/wp-json\/wp\/v2\/posts\/3138\/revisions\/3141"}],"wp:featuredmedia":[{"embeddable":true,"href":"https:\/\/www.musikverein-neuthard.de\/index.php\/wp-json\/wp\/v2\/media\/3140"}],"wp:attachment":[{"href":"https:\/\/www.musikverein-neuthard.de\/index.php\/wp-json\/wp\/v2\/media?parent=3138"}],"wp:term":[{"taxonomy":"category","embeddable":true,"href":"https:\/\/www.musikverein-neuthard.de\/index.php\/wp-json\/wp\/v2\/categories?post=3138"},{"taxonomy":"post_tag","embeddable":true,"href":"https:\/\/www.musikverein-neuthard.de\/index.php\/wp-json\/wp\/v2\/tags?post=3138"}],"curies":[{"name":"wp","href":"https:\/\/api.w.org\/{rel}","templated":true}]}}