{"id":3184,"date":"2025-10-13T17:17:46","date_gmt":"2025-10-13T15:17:46","guid":{"rendered":"https:\/\/www.musikverein-neuthard.de\/?p=3184"},"modified":"2025-11-05T20:14:48","modified_gmt":"2025-11-05T19:14:48","slug":"23-11-25-auffuehrung-der-caecilienmesse","status":"publish","type":"post","link":"https:\/\/www.musikverein-neuthard.de\/index.php\/2025\/10\/23-11-25-auffuehrung-der-caecilienmesse\/","title":{"rendered":"23.11.25 Auff\u00fchrung der C\u00e4cilienmesse"},"content":{"rendered":"<p><img loading=\"lazy\" decoding=\"async\" class=\"alignnone size-large wp-image-3183\" src=\"https:\/\/www.musikverein-neuthard.de\/wp-content\/uploads\/2025\/10\/image0731485279284-AS_IMG-20250928-WA-819x1024.jpg\" alt=\"\" width=\"819\" height=\"1024\" srcset=\"https:\/\/www.musikverein-neuthard.de\/wp-content\/uploads\/2025\/10\/image0731485279284-AS_IMG-20250928-WA-819x1024.jpg 819w, https:\/\/www.musikverein-neuthard.de\/wp-content\/uploads\/2025\/10\/image0731485279284-AS_IMG-20250928-WA-240x300.jpg 240w, https:\/\/www.musikverein-neuthard.de\/wp-content\/uploads\/2025\/10\/image0731485279284-AS_IMG-20250928-WA-768x960.jpg 768w, https:\/\/www.musikverein-neuthard.de\/wp-content\/uploads\/2025\/10\/image0731485279284-AS_IMG-20250928-WA.jpg 1080w\" sizes=\"auto, (max-width: 819px) 100vw, 819px\" \/><\/p>\n<p>Gemeinsam mit dem Kirchenchor St. Sebastian bringt der MV Neuthard am 23.11.25 die noch \u201esehr junge\u201c C\u00e4cilienmesse aus dem Jahr 2018 in der Kirche St. Sebastian in Neuthard zu Geh\u00f6r.<\/p>\n<p><strong>Wie kam es zur Komposition dieser musikalischen Messe?<\/strong><\/p>\n<p>Musikkapellen stellen eine wertvolle Bereicherung in den liturgischen Feiern dar. Sie k\u00f6nnen an Festtagen (z. B. Christk\u00f6nigsonntag, Fronleichnam, Herz-Jesu, Patrozinium usw.) gemeinsam mit Kantoren\/Kantorinnen, Gemeinde und Chor die Gottesdienste musikalisch gestalten. Ein Zusammenwirken von Musikkapelle, Kantor:in, Gemeinde und Chor ist daher von besonderer Bedeutung und zudem h\u00f6chst w\u00fcnschenswert.<\/p>\n<p>Um Blasorchestern und Ch\u00f6ren geeignete Literatur zur Verf\u00fcgung zu stellen, vergab im Jahr 2018 der Verband der Kirchench\u00f6re S\u00fcdtirols (seit 2020 Verband der Kirchenmusik S\u00fcdtirol) gemeinsam mit dem Verband S\u00fcdtiroler Musikkapellen einen Kompositionsauftrag zur musikalischen Gestaltung eines Gottesdienstes (Ordinarium und Proprium) f\u00fcr Kantor:in, Gemeinde, gemischten Chor und Blasorchester. Den Kompositionsauftrag f\u00fcr die \u201eC\u00e4cilienmesse\u201c erhielt der aus S\u00fcdtirol stammende und in Tirol lebende Komponist Hannes Kerschbaumer.<\/p>\n<p>(Text\u00fcbernahme aus Munodi Edition)<\/p>\n<p>Der Eintritt ist frei. Nat\u00fcrlich freuen wir uns \u00fcber Spenden, beispielsweise als Beitrag zum Kauf der Noten.<\/p>\n","protected":false},"excerpt":{"rendered":"<p>Gemeinsam mit dem Kirchenchor St. Sebastian bringt der MV Neuthard am 23.11.25 die noch \u201esehr junge\u201c C\u00e4cilienmesse aus dem Jahr 2018 in der Kirche St.<\/p>\n","protected":false},"author":3,"featured_media":3183,"comment_status":"closed","ping_status":"closed","sticky":false,"template":"","format":"standard","meta":{"footnotes":""},"categories":[2],"tags":[],"class_list":["post-3184","post","type-post","status-publish","format-standard","has-post-thumbnail","hentry","category-aktuelles"],"_links":{"self":[{"href":"https:\/\/www.musikverein-neuthard.de\/index.php\/wp-json\/wp\/v2\/posts\/3184","targetHints":{"allow":["GET"]}}],"collection":[{"href":"https:\/\/www.musikverein-neuthard.de\/index.php\/wp-json\/wp\/v2\/posts"}],"about":[{"href":"https:\/\/www.musikverein-neuthard.de\/index.php\/wp-json\/wp\/v2\/types\/post"}],"author":[{"embeddable":true,"href":"https:\/\/www.musikverein-neuthard.de\/index.php\/wp-json\/wp\/v2\/users\/3"}],"replies":[{"embeddable":true,"href":"https:\/\/www.musikverein-neuthard.de\/index.php\/wp-json\/wp\/v2\/comments?post=3184"}],"version-history":[{"count":2,"href":"https:\/\/www.musikverein-neuthard.de\/index.php\/wp-json\/wp\/v2\/posts\/3184\/revisions"}],"predecessor-version":[{"id":3209,"href":"https:\/\/www.musikverein-neuthard.de\/index.php\/wp-json\/wp\/v2\/posts\/3184\/revisions\/3209"}],"wp:featuredmedia":[{"embeddable":true,"href":"https:\/\/www.musikverein-neuthard.de\/index.php\/wp-json\/wp\/v2\/media\/3183"}],"wp:attachment":[{"href":"https:\/\/www.musikverein-neuthard.de\/index.php\/wp-json\/wp\/v2\/media?parent=3184"}],"wp:term":[{"taxonomy":"category","embeddable":true,"href":"https:\/\/www.musikverein-neuthard.de\/index.php\/wp-json\/wp\/v2\/categories?post=3184"},{"taxonomy":"post_tag","embeddable":true,"href":"https:\/\/www.musikverein-neuthard.de\/index.php\/wp-json\/wp\/v2\/tags?post=3184"}],"curies":[{"name":"wp","href":"https:\/\/api.w.org\/{rel}","templated":true}]}}