{"id":392,"date":"2018-04-08T22:05:26","date_gmt":"2018-04-08T20:05:26","guid":{"rendered":"https:\/\/www.musikverein-neuthard.de\/?p=392"},"modified":"2018-04-27T12:36:56","modified_gmt":"2018-04-27T10:36:56","slug":"rueckblick-auf-die-jugendhauptversammlung-2018","status":"publish","type":"post","link":"https:\/\/www.musikverein-neuthard.de\/index.php\/2018\/04\/rueckblick-auf-die-jugendhauptversammlung-2018\/","title":{"rendered":"Jugendhauptversammlung 2018"},"content":{"rendered":"<p>Am 06.04.2018 fand unsere diesj\u00e4hrige Hauptversammlung der Jugend statt. Unsere Jugendleiterin Laura Zimmermann er\u00f6ffnete die Versammlung mit einem Bericht \u00fcber das vergangene Jahr. Sie blickte auf verschiedene Auftritte und Aktivit\u00e4ten, wie z.B. das Wiesenfest, das JMLA-Abzeichen, das Probenwochenende in Ittlingen, das Fr\u00fchjahrskonzert im M\u00e4rz und noch weiteren Ereignissen zur\u00fcck. Anschlie\u00dfend erfolgte ein Bericht des Kassiers \u00fcber den aktuellen Kontostand, die Ausgaben und Einnahmen.<\/p>\n<p>Um die Verwaltung zu entlasten, wurde auch ein neues Gremium gew\u00e4hlt. Die neue Verwaltung besteht aus:<\/p>\n<ul>\n<li><strong>Jugendleiterin<\/strong>: Ann-Katrin Krieger<\/li>\n<li><strong>Schriftf\u00fchrerin<\/strong>: Laura Zimmermann<\/li>\n<li><strong>Kassier<\/strong>: Marcel Kratschmann<\/li>\n<li><strong>Pressewart<\/strong>: Max Baumg\u00e4rtner<\/li>\n<li><strong>Beisitzer\/innen<\/strong>: Svenja Baumg\u00e4rtner, Tobias Baumg\u00e4rtner, Simon Bl\u00fcmle, Maximilian Jannack, Laura Haag, Carolin Werner<\/li>\n<\/ul>\n<p>Wir bedanken uns herzlich bei Laura Zimmermann, die die letzten Jahre eine tolle Jugendleiterin war, und sind froh, dass sie uns auch weiter in der Verwaltung erhalten bleibt.<\/p>\n<p>Wir w\u00fcnschen der neu gew\u00e4hlten Verwaltung alles Gute und eine gute Zusammenarbeit.<\/p>\n","protected":false},"excerpt":{"rendered":"<p>Am 06.04.2018 fand unsere diesj\u00e4hrige Hauptversammlung der Jugend statt. Unsere Jugendleiterin Laura Zimmermann er\u00f6ffnete die Versammlung mit einem Bericht \u00fcber das vergangene Jahr. Sie blickte<\/p>\n","protected":false},"author":3,"featured_media":0,"comment_status":"closed","ping_status":"closed","sticky":false,"template":"","format":"standard","meta":{"footnotes":""},"categories":[2],"tags":[],"class_list":["post-392","post","type-post","status-publish","format-standard","hentry","category-aktuelles"],"_links":{"self":[{"href":"https:\/\/www.musikverein-neuthard.de\/index.php\/wp-json\/wp\/v2\/posts\/392","targetHints":{"allow":["GET"]}}],"collection":[{"href":"https:\/\/www.musikverein-neuthard.de\/index.php\/wp-json\/wp\/v2\/posts"}],"about":[{"href":"https:\/\/www.musikverein-neuthard.de\/index.php\/wp-json\/wp\/v2\/types\/post"}],"author":[{"embeddable":true,"href":"https:\/\/www.musikverein-neuthard.de\/index.php\/wp-json\/wp\/v2\/users\/3"}],"replies":[{"embeddable":true,"href":"https:\/\/www.musikverein-neuthard.de\/index.php\/wp-json\/wp\/v2\/comments?post=392"}],"version-history":[{"count":2,"href":"https:\/\/www.musikverein-neuthard.de\/index.php\/wp-json\/wp\/v2\/posts\/392\/revisions"}],"predecessor-version":[{"id":411,"href":"https:\/\/www.musikverein-neuthard.de\/index.php\/wp-json\/wp\/v2\/posts\/392\/revisions\/411"}],"wp:attachment":[{"href":"https:\/\/www.musikverein-neuthard.de\/index.php\/wp-json\/wp\/v2\/media?parent=392"}],"wp:term":[{"taxonomy":"category","embeddable":true,"href":"https:\/\/www.musikverein-neuthard.de\/index.php\/wp-json\/wp\/v2\/categories?post=392"},{"taxonomy":"post_tag","embeddable":true,"href":"https:\/\/www.musikverein-neuthard.de\/index.php\/wp-json\/wp\/v2\/tags?post=392"}],"curies":[{"name":"wp","href":"https:\/\/api.w.org\/{rel}","templated":true}]}}