{"id":398,"date":"2018-04-23T20:27:21","date_gmt":"2018-04-23T18:27:21","guid":{"rendered":"https:\/\/www.musikverein-neuthard.de\/?p=398"},"modified":"2018-07-22T21:30:19","modified_gmt":"2018-07-22T19:30:19","slug":"neue-ausbildungskurse-ab-september-2018","status":"publish","type":"post","link":"https:\/\/www.musikverein-neuthard.de\/index.php\/2018\/04\/neue-ausbildungskurse-ab-september-2018\/","title":{"rendered":"Neue Ausbildungskurse ab September"},"content":{"rendered":"<h4>Neue Fl\u00f6tenkurse ab September 2018<\/h4>\n<p>Ihr seid 6 Jahre und m\u00f6chtet gerne ein Instrument lernen? Dann ist Unterricht mit der Fl\u00f6te genau der richtige Start dazu.<br \/>\nAb September beginnen die neuen Kurse im \u201eHaus der Musik\u201c.<br \/>\nHier wird bereits Erlerntes (z.B. in der musikalischen Fr\u00fcherziehung) erweitert und auf dem vorhandenen Wissen aufgebaut. Rhythmik, Geh\u00f6rbildung, musikalische Kenntnisse sowie das gemeinsame Musizieren werden hier mit Hilfe der Fl\u00f6te spielerisch erlernt.<br \/>\nSelbstverst\u00e4ndlich sind auch Kinder ohne musikalische Vorkenntnisse herzlich willkommen.<\/p>\n<h4>Musikalische Fr\u00fcherziehung, neue Kurse ab September 2018<\/h4>\n<p>Mit Spa\u00df und Spiel der Musik n\u00e4her kommen!<br \/>\nSpielerisch gelangen Kinder am besten zur Entfaltung ihrer musikalischen und sozialen F\u00e4higkeiten, zur Ausbildung des H\u00f6rens, des Sehens und der rhythmischen Bewegung, zum Erleben von Form und Farbe, Sprache und Klang.<br \/>\nWir bieten jedes Jahr ab September eine zweij\u00e4hrige musikalische Fr\u00fcherziehung f\u00fcr Kinder ab 4 Jahren.<\/p>\n<p>Anmeldung f\u00fcr beide Kurse bei\u00a0Judith Baumg\u00e4rtner unter <a href=\"mailto:ausbildung@musikverein-neuthard.de\">ausbildung@musikverein-neuthard.de<\/a>\u00a0oder (07251) 440617 oder (0173) 3414 088.<br \/>\n<strong>Anmeldeschluss ist der 20. Juli<\/strong><\/p>\n","protected":false},"excerpt":{"rendered":"<p>Neue Fl\u00f6tenkurse ab September 2018 Ihr seid 6 Jahre und m\u00f6chtet gerne ein Instrument lernen? Dann ist Unterricht mit der Fl\u00f6te genau der richtige Start<\/p>\n","protected":false},"author":3,"featured_media":0,"comment_status":"closed","ping_status":"closed","sticky":false,"template":"","format":"standard","meta":{"footnotes":""},"categories":[2],"tags":[],"class_list":["post-398","post","type-post","status-publish","format-standard","hentry","category-aktuelles"],"_links":{"self":[{"href":"https:\/\/www.musikverein-neuthard.de\/index.php\/wp-json\/wp\/v2\/posts\/398","targetHints":{"allow":["GET"]}}],"collection":[{"href":"https:\/\/www.musikverein-neuthard.de\/index.php\/wp-json\/wp\/v2\/posts"}],"about":[{"href":"https:\/\/www.musikverein-neuthard.de\/index.php\/wp-json\/wp\/v2\/types\/post"}],"author":[{"embeddable":true,"href":"https:\/\/www.musikverein-neuthard.de\/index.php\/wp-json\/wp\/v2\/users\/3"}],"replies":[{"embeddable":true,"href":"https:\/\/www.musikverein-neuthard.de\/index.php\/wp-json\/wp\/v2\/comments?post=398"}],"version-history":[{"count":3,"href":"https:\/\/www.musikverein-neuthard.de\/index.php\/wp-json\/wp\/v2\/posts\/398\/revisions"}],"predecessor-version":[{"id":404,"href":"https:\/\/www.musikverein-neuthard.de\/index.php\/wp-json\/wp\/v2\/posts\/398\/revisions\/404"}],"wp:attachment":[{"href":"https:\/\/www.musikverein-neuthard.de\/index.php\/wp-json\/wp\/v2\/media?parent=398"}],"wp:term":[{"taxonomy":"category","embeddable":true,"href":"https:\/\/www.musikverein-neuthard.de\/index.php\/wp-json\/wp\/v2\/categories?post=398"},{"taxonomy":"post_tag","embeddable":true,"href":"https:\/\/www.musikverein-neuthard.de\/index.php\/wp-json\/wp\/v2\/tags?post=398"}],"curies":[{"name":"wp","href":"https:\/\/api.w.org\/{rel}","templated":true}]}}