{"id":402,"date":"2018-04-27T12:20:28","date_gmt":"2018-04-27T10:20:28","guid":{"rendered":"https:\/\/www.musikverein-neuthard.de\/?p=402"},"modified":"2018-04-27T12:38:20","modified_gmt":"2018-04-27T10:38:20","slug":"vatertagsfest-jubilaeum-33-kampagne-nfd-10-05-2018","status":"publish","type":"post","link":"https:\/\/www.musikverein-neuthard.de\/index.php\/2018\/04\/vatertagsfest-jubilaeum-33-kampagne-nfd-10-05-2018\/","title":{"rendered":"Jubil\u00e4umsfest NFD am 10. Mai"},"content":{"rendered":"<p>Am 10. Mai l\u00e4dt der Elferrat recht herzlich zum traditionellen Vatertagsfest der NFD ein. Wir feiern gleichzeitig unsere 33. Kampagne und Ihr d\u00fcrft euch auf einige Highlights und \u00dcberraschungen freuen. Los geht\u2019s um 11 Uhr beim Musikerheim. Mit diesem Fest m\u00f6chte sich der Elferrat auch recht herzlich bei allen aktiven NFD\u2019lern, Freunden und G\u00f6nnern f\u00fcr die gro\u00dfartige Unterst\u00fctzung und das Mitwirken bei der Faschingskampagne bedanken. F\u00fcr Essen und Trinken ist wie immer bestens gesorgt.<\/p>\n<p>Euer Elferrat<\/p>\n","protected":false},"excerpt":{"rendered":"<p>Am 10. Mai l\u00e4dt der Elferrat recht herzlich zum traditionellen Vatertagsfest der NFD ein. Wir feiern gleichzeitig unsere 33. Kampagne und Ihr d\u00fcrft euch auf<\/p>\n","protected":false},"author":3,"featured_media":0,"comment_status":"closed","ping_status":"closed","sticky":false,"template":"","format":"standard","meta":{"footnotes":""},"categories":[2],"tags":[],"class_list":["post-402","post","type-post","status-publish","format-standard","hentry","category-aktuelles"],"_links":{"self":[{"href":"https:\/\/www.musikverein-neuthard.de\/index.php\/wp-json\/wp\/v2\/posts\/402","targetHints":{"allow":["GET"]}}],"collection":[{"href":"https:\/\/www.musikverein-neuthard.de\/index.php\/wp-json\/wp\/v2\/posts"}],"about":[{"href":"https:\/\/www.musikverein-neuthard.de\/index.php\/wp-json\/wp\/v2\/types\/post"}],"author":[{"embeddable":true,"href":"https:\/\/www.musikverein-neuthard.de\/index.php\/wp-json\/wp\/v2\/users\/3"}],"replies":[{"embeddable":true,"href":"https:\/\/www.musikverein-neuthard.de\/index.php\/wp-json\/wp\/v2\/comments?post=402"}],"version-history":[{"count":5,"href":"https:\/\/www.musikverein-neuthard.de\/index.php\/wp-json\/wp\/v2\/posts\/402\/revisions"}],"predecessor-version":[{"id":415,"href":"https:\/\/www.musikverein-neuthard.de\/index.php\/wp-json\/wp\/v2\/posts\/402\/revisions\/415"}],"wp:attachment":[{"href":"https:\/\/www.musikverein-neuthard.de\/index.php\/wp-json\/wp\/v2\/media?parent=402"}],"wp:term":[{"taxonomy":"category","embeddable":true,"href":"https:\/\/www.musikverein-neuthard.de\/index.php\/wp-json\/wp\/v2\/categories?post=402"},{"taxonomy":"post_tag","embeddable":true,"href":"https:\/\/www.musikverein-neuthard.de\/index.php\/wp-json\/wp\/v2\/tags?post=402"}],"curies":[{"name":"wp","href":"https:\/\/api.w.org\/{rel}","templated":true}]}}