{"id":405,"date":"2018-04-27T12:19:06","date_gmt":"2018-04-27T10:19:06","guid":{"rendered":"https:\/\/www.musikverein-neuthard.de\/?p=405"},"modified":"2018-04-27T12:35:20","modified_gmt":"2018-04-27T10:35:20","slug":"generalversammlung-2018","status":"publish","type":"post","link":"https:\/\/www.musikverein-neuthard.de\/index.php\/2018\/04\/generalversammlung-2018\/","title":{"rendered":"Generalversammlung 2018"},"content":{"rendered":"<p>Am Freitag, 13.04.2018 fand im HdM die Generalversammlung des MVN statt.<\/p>\n<p>Das 1. Orchester er\u00f6ffnete musikalisch unter der Leitung von Markus Heneka die Versammlung und die 1. Vorsitzende Elke Kratschmann begr\u00fc\u00dfte die Mitglieder und Ehrenmitglieder sowie den stellv. BM Harald Weschenfelder und verschiedene Gemeinder\u00e4te.<\/p>\n<p>Zum Gedenken an die im letzten Vereinsjahr verstorbenen Mitglieder spielte das 1. Orchester einen Trauermarsch.<\/p>\n<p>Es folgten die Berichte der 1. Vorsitzenden Elke Kratschmann, des Schriftf\u00fchrers Michael Gei\u00dfler, des Kassiers Siegfried Baumg\u00e4rtner, des Musikervorstandes Manuel Bohn, des Mitgliederwesens Oliver Sch\u00e4fer, der scheidenden Jugendleiterin Laura Zimmermann und des Dirigenten Michael Schuhmacher.<\/p>\n<figure id=\"attachment_407\" aria-describedby=\"caption-attachment-407\" style=\"width: 900px\" class=\"wp-caption alignleft\"><a href=\"https:\/\/www.musikverein-neuthard.de\/wp-content\/uploads\/2018\/04\/2018-04_GV1.jpg\"><img loading=\"lazy\" decoding=\"async\" class=\"wp-image-407 size-large\" src=\"https:\/\/www.musikverein-neuthard.de\/wp-content\/uploads\/2018\/04\/2018-04_GV1-1024x765.jpg\" alt=\"\" width=\"900\" height=\"672\" srcset=\"https:\/\/www.musikverein-neuthard.de\/wp-content\/uploads\/2018\/04\/2018-04_GV1-1024x765.jpg 1024w, https:\/\/www.musikverein-neuthard.de\/wp-content\/uploads\/2018\/04\/2018-04_GV1-300x224.jpg 300w, https:\/\/www.musikverein-neuthard.de\/wp-content\/uploads\/2018\/04\/2018-04_GV1-768x574.jpg 768w\" sizes=\"auto, (max-width: 900px) 100vw, 900px\" \/><\/a><figcaption id=\"caption-attachment-407\" class=\"wp-caption-text\">Sie waren im vergangenen Jahr am h\u00e4ufigsten in der Probe und bei den Auftritten<\/figcaption><\/figure>\n<p>Die Berichte besch\u00e4ftigten sich mit dem vergangenen musikalischen Jahr, dem musikalischen Nachwuchs und dem bevorstehenden 100j\u00e4hrigen Bestehen des Musikvereins. Ein weiterer gro\u00dfer Punkt war die Finanzlage des Vereins, welche im letzten Jahr durch die Erneuerung der sanit\u00e4ren Anlagen stark strapaziert wurden.<\/p>\n<p>Eine tadellos und hervorragende Kassenpr\u00fcfung bescheinigten Roland Krieger und Theo Holzer dem Kassier. Somit war der Weg frei f\u00fcr den Antrag auf Entlastung der gesamten Verwaltung und des Kassiers. Diesem Antrag wurde von der Versammlung einstimmig zugestimmt.<\/p>\n<p>Es wurden 7 Ehrenmitglieder durch Beschluss der Verwaltung ernannt:<br \/>\nRoland Erdel, Michael J\u00f6rger, Siegfried Weinmann, Wolfgang Holzer, Roland Hehl, Alfred M\u00fcnch und Kurt Drees .<\/p>\n<figure id=\"attachment_408\" aria-describedby=\"caption-attachment-408\" style=\"width: 900px\" class=\"wp-caption alignleft\"><a href=\"https:\/\/www.musikverein-neuthard.de\/wp-content\/uploads\/2018\/04\/2018-04_GV2.jpg\"><img loading=\"lazy\" decoding=\"async\" class=\"wp-image-408 size-large\" src=\"https:\/\/www.musikverein-neuthard.de\/wp-content\/uploads\/2018\/04\/2018-04_GV2-1024x768.jpg\" alt=\"\" width=\"900\" height=\"675\" srcset=\"https:\/\/www.musikverein-neuthard.de\/wp-content\/uploads\/2018\/04\/2018-04_GV2-1024x768.jpg 1024w, https:\/\/www.musikverein-neuthard.de\/wp-content\/uploads\/2018\/04\/2018-04_GV2-300x225.jpg 300w, https:\/\/www.musikverein-neuthard.de\/wp-content\/uploads\/2018\/04\/2018-04_GV2-768x576.jpg 768w\" sizes=\"auto, (max-width: 900px) 100vw, 900px\" \/><\/a><figcaption id=\"caption-attachment-408\" class=\"wp-caption-text\">Neue Ehrenmitglieder<\/figcaption><\/figure>\n<p>Zum Schluss der Veranstaltung ergriff der stellv. B\u00fcrgermeister Hr. Weschenfelder das Wort. Dabei ging er auf die finanzielle Lage ein, die nicht angespannt aber auch nicht rosig sei. Die Verwaltung habe darauf sehr gut reagiert und ist dadurch auf einem guten Weg. Beeindruckend sei f\u00fcr ihn die Jugendf\u00f6rderung im Verein.<\/p>\n","protected":false},"excerpt":{"rendered":"<p>Am Freitag, 13.04.2018 fand im HdM die Generalversammlung des MVN statt. Das 1. Orchester er\u00f6ffnete musikalisch unter der Leitung von Markus Heneka die Versammlung und<\/p>\n","protected":false},"author":3,"featured_media":0,"comment_status":"closed","ping_status":"closed","sticky":false,"template":"","format":"standard","meta":{"footnotes":""},"categories":[2],"tags":[],"class_list":["post-405","post","type-post","status-publish","format-standard","hentry","category-aktuelles"],"_links":{"self":[{"href":"https:\/\/www.musikverein-neuthard.de\/index.php\/wp-json\/wp\/v2\/posts\/405","targetHints":{"allow":["GET"]}}],"collection":[{"href":"https:\/\/www.musikverein-neuthard.de\/index.php\/wp-json\/wp\/v2\/posts"}],"about":[{"href":"https:\/\/www.musikverein-neuthard.de\/index.php\/wp-json\/wp\/v2\/types\/post"}],"author":[{"embeddable":true,"href":"https:\/\/www.musikverein-neuthard.de\/index.php\/wp-json\/wp\/v2\/users\/3"}],"replies":[{"embeddable":true,"href":"https:\/\/www.musikverein-neuthard.de\/index.php\/wp-json\/wp\/v2\/comments?post=405"}],"version-history":[{"count":3,"href":"https:\/\/www.musikverein-neuthard.de\/index.php\/wp-json\/wp\/v2\/posts\/405\/revisions"}],"predecessor-version":[{"id":410,"href":"https:\/\/www.musikverein-neuthard.de\/index.php\/wp-json\/wp\/v2\/posts\/405\/revisions\/410"}],"wp:attachment":[{"href":"https:\/\/www.musikverein-neuthard.de\/index.php\/wp-json\/wp\/v2\/media?parent=405"}],"wp:term":[{"taxonomy":"category","embeddable":true,"href":"https:\/\/www.musikverein-neuthard.de\/index.php\/wp-json\/wp\/v2\/categories?post=405"},{"taxonomy":"post_tag","embeddable":true,"href":"https:\/\/www.musikverein-neuthard.de\/index.php\/wp-json\/wp\/v2\/tags?post=405"}],"curies":[{"name":"wp","href":"https:\/\/api.w.org\/{rel}","templated":true}]}}