{"id":498,"date":"2018-06-25T23:07:39","date_gmt":"2018-06-25T21:07:39","guid":{"rendered":"https:\/\/www.musikverein-neuthard.de\/?p=498"},"modified":"2018-07-22T21:30:11","modified_gmt":"2018-07-22T19:30:11","slug":"instrumententag-im-haus-der-musik","status":"publish","type":"post","link":"https:\/\/www.musikverein-neuthard.de\/index.php\/2018\/06\/instrumententag-im-haus-der-musik\/","title":{"rendered":"Instrumententag im \u201eHaus der Musik\u201c"},"content":{"rendered":"<p>Am 22. Juli 2018 um 11:00 Uhr findet beim Musikverein ein Instrumententag statt.<\/p>\n<p>Das Musikhaus Schlaile Karlsruhe stellt uns alle Instrumente daf\u00fcr zur Verf\u00fcgung. Herzlichen Dank an Julian, der uns diesen Nachmittag erm\u00f6glicht.<\/p>\n<p>Hier d\u00fcrfen alle Fl\u00f6tensch\u00fcler des Vereins und Kinder ab 9 Jahren Instrumente ausprobieren und finden vielleicht eines, das sie gerne erlernen m\u00f6chten.<\/p>\n<p>Selbstverst\u00e4ndlich d\u00fcrfen auch Erwachsene ausprobieren und vielleicht beginnt hier die ein oder andere\u00a0 Musikerkarriere.<\/p>\n<p>Wir freuen uns auf euch!<\/p>\n","protected":false},"excerpt":{"rendered":"<p>Am 22. Juli 2018 um 11:00 Uhr findet beim Musikverein ein Instrumententag statt. Das Musikhaus Schlaile Karlsruhe stellt uns alle Instrumente daf\u00fcr zur Verf\u00fcgung. Herzlichen<\/p>\n","protected":false},"author":3,"featured_media":0,"comment_status":"closed","ping_status":"closed","sticky":false,"template":"","format":"standard","meta":{"footnotes":""},"categories":[2],"tags":[],"class_list":["post-498","post","type-post","status-publish","format-standard","hentry","category-aktuelles"],"_links":{"self":[{"href":"https:\/\/www.musikverein-neuthard.de\/index.php\/wp-json\/wp\/v2\/posts\/498","targetHints":{"allow":["GET"]}}],"collection":[{"href":"https:\/\/www.musikverein-neuthard.de\/index.php\/wp-json\/wp\/v2\/posts"}],"about":[{"href":"https:\/\/www.musikverein-neuthard.de\/index.php\/wp-json\/wp\/v2\/types\/post"}],"author":[{"embeddable":true,"href":"https:\/\/www.musikverein-neuthard.de\/index.php\/wp-json\/wp\/v2\/users\/3"}],"replies":[{"embeddable":true,"href":"https:\/\/www.musikverein-neuthard.de\/index.php\/wp-json\/wp\/v2\/comments?post=498"}],"version-history":[{"count":1,"href":"https:\/\/www.musikverein-neuthard.de\/index.php\/wp-json\/wp\/v2\/posts\/498\/revisions"}],"predecessor-version":[{"id":499,"href":"https:\/\/www.musikverein-neuthard.de\/index.php\/wp-json\/wp\/v2\/posts\/498\/revisions\/499"}],"wp:attachment":[{"href":"https:\/\/www.musikverein-neuthard.de\/index.php\/wp-json\/wp\/v2\/media?parent=498"}],"wp:term":[{"taxonomy":"category","embeddable":true,"href":"https:\/\/www.musikverein-neuthard.de\/index.php\/wp-json\/wp\/v2\/categories?post=498"},{"taxonomy":"post_tag","embeddable":true,"href":"https:\/\/www.musikverein-neuthard.de\/index.php\/wp-json\/wp\/v2\/tags?post=498"}],"curies":[{"name":"wp","href":"https:\/\/api.w.org\/{rel}","templated":true}]}}