{"id":505,"date":"2018-07-04T00:28:44","date_gmt":"2018-07-03T22:28:44","guid":{"rendered":"https:\/\/www.musikverein-neuthard.de\/?p=505"},"modified":"2018-07-04T00:28:44","modified_gmt":"2018-07-03T22:28:44","slug":"auftritt-der-jugendkapelle-beim-wiesenfest","status":"publish","type":"post","link":"https:\/\/www.musikverein-neuthard.de\/index.php\/2018\/07\/auftritt-der-jugendkapelle-beim-wiesenfest\/","title":{"rendered":"Auftritt der Jugendkapelle beim Wiesenfest"},"content":{"rendered":"<p>Am vergangenen Samstagnachmittag war unsere Jugendkapelle mit modernen, fetzigen, unter anderem auch s\u00fcdamerikanischen T\u00f6nen im Zelt des Musikfestes zu h\u00f6ren. Bei sonnigem Wetter hatten die Jungmusikerinnen und Jungmusiker Spa\u00df beim Musizieren und haben einen tollen Auftritt, f\u00fcr den sie viel Beifall ernteten, absolviert.<\/p>\n<p>Vielen Dank auch an alle Aushilfen!<\/p>\n","protected":false},"excerpt":{"rendered":"<p>Am vergangenen Samstagnachmittag war unsere Jugendkapelle mit modernen, fetzigen, unter anderem auch s\u00fcdamerikanischen T\u00f6nen im Zelt des Musikfestes zu h\u00f6ren. Bei sonnigem Wetter hatten die<\/p>\n","protected":false},"author":3,"featured_media":506,"comment_status":"closed","ping_status":"closed","sticky":false,"template":"","format":"standard","meta":{"footnotes":""},"categories":[2],"tags":[],"class_list":["post-505","post","type-post","status-publish","format-standard","has-post-thumbnail","hentry","category-aktuelles"],"_links":{"self":[{"href":"https:\/\/www.musikverein-neuthard.de\/index.php\/wp-json\/wp\/v2\/posts\/505","targetHints":{"allow":["GET"]}}],"collection":[{"href":"https:\/\/www.musikverein-neuthard.de\/index.php\/wp-json\/wp\/v2\/posts"}],"about":[{"href":"https:\/\/www.musikverein-neuthard.de\/index.php\/wp-json\/wp\/v2\/types\/post"}],"author":[{"embeddable":true,"href":"https:\/\/www.musikverein-neuthard.de\/index.php\/wp-json\/wp\/v2\/users\/3"}],"replies":[{"embeddable":true,"href":"https:\/\/www.musikverein-neuthard.de\/index.php\/wp-json\/wp\/v2\/comments?post=505"}],"version-history":[{"count":1,"href":"https:\/\/www.musikverein-neuthard.de\/index.php\/wp-json\/wp\/v2\/posts\/505\/revisions"}],"predecessor-version":[{"id":507,"href":"https:\/\/www.musikverein-neuthard.de\/index.php\/wp-json\/wp\/v2\/posts\/505\/revisions\/507"}],"wp:featuredmedia":[{"embeddable":true,"href":"https:\/\/www.musikverein-neuthard.de\/index.php\/wp-json\/wp\/v2\/media\/506"}],"wp:attachment":[{"href":"https:\/\/www.musikverein-neuthard.de\/index.php\/wp-json\/wp\/v2\/media?parent=505"}],"wp:term":[{"taxonomy":"category","embeddable":true,"href":"https:\/\/www.musikverein-neuthard.de\/index.php\/wp-json\/wp\/v2\/categories?post=505"},{"taxonomy":"post_tag","embeddable":true,"href":"https:\/\/www.musikverein-neuthard.de\/index.php\/wp-json\/wp\/v2\/tags?post=505"}],"curies":[{"name":"wp","href":"https:\/\/api.w.org\/{rel}","templated":true}]}}