{"id":532,"date":"2018-07-30T00:10:04","date_gmt":"2018-07-29T22:10:04","guid":{"rendered":"https:\/\/www.musikverein-neuthard.de\/?p=532"},"modified":"2018-07-25T00:13:41","modified_gmt":"2018-07-24T22:13:41","slug":"instrumenten-vorstellung-mit-dem-musikhaus-schlaile-2","status":"publish","type":"post","link":"https:\/\/www.musikverein-neuthard.de\/index.php\/2018\/07\/instrumenten-vorstellung-mit-dem-musikhaus-schlaile-2\/","title":{"rendered":"Instrumenten-Vorstellung mit dem Musikhaus Schlaile"},"content":{"rendered":"<p>Am vergangenen Sonntag war das Musikhaus Schlaile, das viele Instrumente im Gep\u00e4ck hatte, Gast im Musikerheim. Die Nachwuchsmusikerinnen- und Nachwuchsmusiker konnten sich hier ein Bild von den verschiedenen Instrumenten machen. Musikalisch umrahmt wurde der Nachmittag von der Fl\u00f6tengruppe. Wir hoffen, dass wir den kleinen Musikerinnen und Musikern bei ihrer Entscheidung \u00fcber ein neues Instrument helfen konnten.<\/p>\n<p>Wir danken Julian Baumg\u00e4rtner f\u00fcr das Bereitstellen und Vorf\u00fchren der Instrumente und Judith Baumg\u00e4rtner f\u00fcr ihre Vorstellung der Ausbildungsm\u00f6glichkeiten im Verein.<\/p>\n","protected":false},"excerpt":{"rendered":"<p>Am vergangenen Sonntag war das Musikhaus Schlaile, das viele Instrumente im Gep\u00e4ck hatte, Gast im Musikerheim. Die Nachwuchsmusikerinnen- und Nachwuchsmusiker konnten sich hier ein Bild<\/p>\n","protected":false},"author":3,"featured_media":534,"comment_status":"closed","ping_status":"closed","sticky":false,"template":"","format":"standard","meta":{"footnotes":""},"categories":[2],"tags":[],"class_list":["post-532","post","type-post","status-publish","format-standard","has-post-thumbnail","hentry","category-aktuelles"],"_links":{"self":[{"href":"https:\/\/www.musikverein-neuthard.de\/index.php\/wp-json\/wp\/v2\/posts\/532","targetHints":{"allow":["GET"]}}],"collection":[{"href":"https:\/\/www.musikverein-neuthard.de\/index.php\/wp-json\/wp\/v2\/posts"}],"about":[{"href":"https:\/\/www.musikverein-neuthard.de\/index.php\/wp-json\/wp\/v2\/types\/post"}],"author":[{"embeddable":true,"href":"https:\/\/www.musikverein-neuthard.de\/index.php\/wp-json\/wp\/v2\/users\/3"}],"replies":[{"embeddable":true,"href":"https:\/\/www.musikverein-neuthard.de\/index.php\/wp-json\/wp\/v2\/comments?post=532"}],"version-history":[{"count":1,"href":"https:\/\/www.musikverein-neuthard.de\/index.php\/wp-json\/wp\/v2\/posts\/532\/revisions"}],"predecessor-version":[{"id":533,"href":"https:\/\/www.musikverein-neuthard.de\/index.php\/wp-json\/wp\/v2\/posts\/532\/revisions\/533"}],"wp:featuredmedia":[{"embeddable":true,"href":"https:\/\/www.musikverein-neuthard.de\/index.php\/wp-json\/wp\/v2\/media\/534"}],"wp:attachment":[{"href":"https:\/\/www.musikverein-neuthard.de\/index.php\/wp-json\/wp\/v2\/media?parent=532"}],"wp:term":[{"taxonomy":"category","embeddable":true,"href":"https:\/\/www.musikverein-neuthard.de\/index.php\/wp-json\/wp\/v2\/categories?post=532"},{"taxonomy":"post_tag","embeddable":true,"href":"https:\/\/www.musikverein-neuthard.de\/index.php\/wp-json\/wp\/v2\/tags?post=532"}],"curies":[{"name":"wp","href":"https:\/\/api.w.org\/{rel}","templated":true}]}}