{"id":550,"date":"2018-09-18T10:34:49","date_gmt":"2018-09-18T08:34:49","guid":{"rendered":"https:\/\/www.musikverein-neuthard.de\/?p=550"},"modified":"2018-10-02T21:59:52","modified_gmt":"2018-10-02T19:59:52","slug":"lebenretten-mit-musik","status":"publish","type":"post","link":"https:\/\/www.musikverein-neuthard.de\/index.php\/2018\/09\/lebenretten-mit-musik\/","title":{"rendered":"Leben retten mit Musik"},"content":{"rendered":"<p>In Kooperation mit unserm aktiven Mitglied Dr. Steffen Krahl helfen und unterst\u00fctzen wir anl\u00e4sslich der Woche der Wiederbelebung am Sa. den 22.9.2018 die Veranstaltung \u201eTag der Basisma\u00dfnahmen &#8211; Leben retten mit Musik\u201c in der Bruchb\u00fchlhalle Neuthard.<\/p>\n<p>Der Tag startet um 10 Uhr mit Fachvortr\u00e4gen von Polizei, Feuerwehr und Rettungsdienst. F\u00fcr Laien genauso interessant wie f\u00fcr Fachpersonal werden auch praktische Beispiele demonstriert. Alles was zur \u201eNotfallmedizinischen Rettungskette\u201c geh\u00f6rt, was man wissen sollte und was jeder tun kann, wird man an diesem Tag erfahren.<\/p>\n<p>F\u00fcr das leibliche Wohl ist bestens gesorgt. Eine Bar und ein abendliches Benefizkonzert (ab 20 Uhr) mit der Gruppe STEAKreif sorgt f\u00fcr den gem\u00fctlichen Ausklang.<\/p>\n<p>Eine Spendenkasse f\u00fcr das Projekt steht an diesem Tag bereit.<br \/>\nWir freuen uns, wenn viele Interessierte vorbei schauen.<\/p>\n","protected":false},"excerpt":{"rendered":"<p>In Kooperation mit unserm aktiven Mitglied Dr. Steffen Krahl helfen und unterst\u00fctzen wir anl\u00e4sslich der Woche der Wiederbelebung am Sa. den 22.9.2018 die Veranstaltung \u201eTag<\/p>\n","protected":false},"author":3,"featured_media":0,"comment_status":"closed","ping_status":"closed","sticky":false,"template":"","format":"standard","meta":{"footnotes":""},"categories":[2],"tags":[],"class_list":["post-550","post","type-post","status-publish","format-standard","hentry","category-aktuelles"],"_links":{"self":[{"href":"https:\/\/www.musikverein-neuthard.de\/index.php\/wp-json\/wp\/v2\/posts\/550","targetHints":{"allow":["GET"]}}],"collection":[{"href":"https:\/\/www.musikverein-neuthard.de\/index.php\/wp-json\/wp\/v2\/posts"}],"about":[{"href":"https:\/\/www.musikverein-neuthard.de\/index.php\/wp-json\/wp\/v2\/types\/post"}],"author":[{"embeddable":true,"href":"https:\/\/www.musikverein-neuthard.de\/index.php\/wp-json\/wp\/v2\/users\/3"}],"replies":[{"embeddable":true,"href":"https:\/\/www.musikverein-neuthard.de\/index.php\/wp-json\/wp\/v2\/comments?post=550"}],"version-history":[{"count":3,"href":"https:\/\/www.musikverein-neuthard.de\/index.php\/wp-json\/wp\/v2\/posts\/550\/revisions"}],"predecessor-version":[{"id":566,"href":"https:\/\/www.musikverein-neuthard.de\/index.php\/wp-json\/wp\/v2\/posts\/550\/revisions\/566"}],"wp:attachment":[{"href":"https:\/\/www.musikverein-neuthard.de\/index.php\/wp-json\/wp\/v2\/media?parent=550"}],"wp:term":[{"taxonomy":"category","embeddable":true,"href":"https:\/\/www.musikverein-neuthard.de\/index.php\/wp-json\/wp\/v2\/categories?post=550"},{"taxonomy":"post_tag","embeddable":true,"href":"https:\/\/www.musikverein-neuthard.de\/index.php\/wp-json\/wp\/v2\/tags?post=550"}],"curies":[{"name":"wp","href":"https:\/\/api.w.org\/{rel}","templated":true}]}}