{"id":558,"date":"2018-10-02T21:52:24","date_gmt":"2018-10-02T19:52:24","guid":{"rendered":"https:\/\/www.musikverein-neuthard.de\/?p=558"},"modified":"2018-10-02T21:58:22","modified_gmt":"2018-10-02T19:58:22","slug":"saisonabschluss-in-neudorf","status":"publish","type":"post","link":"https:\/\/www.musikverein-neuthard.de\/index.php\/2018\/10\/saisonabschluss-in-neudorf\/","title":{"rendered":"Saisonabschluss in Neudorf"},"content":{"rendered":"<p>Wie jedes Jahr musizierten wir zum Saisonausklang auf dem Oktoberfest in Neudorf. Das Festzelt war gut gef\u00fcllt und die Zuh\u00f6rer in Feierlaune. Selbst der kr\u00e4ftige Sturm und der sintflutartige Regen konnten der Stimmung wenig Abbruch tun.<\/p>\n<p>Dirndl und Lederhosen werden nun wieder \u00fcber die Wintersaison eingemottet. Wir freuen uns schon auf eine weitere Festzeltsaison 2019.<\/p>\n","protected":false},"excerpt":{"rendered":"<p>Wie jedes Jahr musizierten wir zum Saisonausklang auf dem Oktoberfest in Neudorf. Das Festzelt war gut gef\u00fcllt und die Zuh\u00f6rer in Feierlaune. Selbst der kr\u00e4ftige<\/p>\n","protected":false},"author":3,"featured_media":564,"comment_status":"closed","ping_status":"closed","sticky":false,"template":"","format":"standard","meta":{"footnotes":""},"categories":[2],"tags":[],"class_list":["post-558","post","type-post","status-publish","format-standard","has-post-thumbnail","hentry","category-aktuelles"],"_links":{"self":[{"href":"https:\/\/www.musikverein-neuthard.de\/index.php\/wp-json\/wp\/v2\/posts\/558","targetHints":{"allow":["GET"]}}],"collection":[{"href":"https:\/\/www.musikverein-neuthard.de\/index.php\/wp-json\/wp\/v2\/posts"}],"about":[{"href":"https:\/\/www.musikverein-neuthard.de\/index.php\/wp-json\/wp\/v2\/types\/post"}],"author":[{"embeddable":true,"href":"https:\/\/www.musikverein-neuthard.de\/index.php\/wp-json\/wp\/v2\/users\/3"}],"replies":[{"embeddable":true,"href":"https:\/\/www.musikverein-neuthard.de\/index.php\/wp-json\/wp\/v2\/comments?post=558"}],"version-history":[{"count":3,"href":"https:\/\/www.musikverein-neuthard.de\/index.php\/wp-json\/wp\/v2\/posts\/558\/revisions"}],"predecessor-version":[{"id":562,"href":"https:\/\/www.musikverein-neuthard.de\/index.php\/wp-json\/wp\/v2\/posts\/558\/revisions\/562"}],"wp:featuredmedia":[{"embeddable":true,"href":"https:\/\/www.musikverein-neuthard.de\/index.php\/wp-json\/wp\/v2\/media\/564"}],"wp:attachment":[{"href":"https:\/\/www.musikverein-neuthard.de\/index.php\/wp-json\/wp\/v2\/media?parent=558"}],"wp:term":[{"taxonomy":"category","embeddable":true,"href":"https:\/\/www.musikverein-neuthard.de\/index.php\/wp-json\/wp\/v2\/categories?post=558"},{"taxonomy":"post_tag","embeddable":true,"href":"https:\/\/www.musikverein-neuthard.de\/index.php\/wp-json\/wp\/v2\/tags?post=558"}],"curies":[{"name":"wp","href":"https:\/\/api.w.org\/{rel}","templated":true}]}}