{"id":568,"date":"2018-11-10T22:33:42","date_gmt":"2018-11-10T21:33:42","guid":{"rendered":"https:\/\/www.musikverein-neuthard.de\/?p=568"},"modified":"2018-11-20T20:29:53","modified_gmt":"2018-11-20T19:29:53","slug":"nfd-kampagneneroeffnung","status":"publish","type":"post","link":"https:\/\/www.musikverein-neuthard.de\/index.php\/2018\/11\/nfd-kampagneneroeffnung\/","title":{"rendered":"NFD &#8211; Kampagnener\u00f6ffnung"},"content":{"rendered":"<p>Helau und Alaaf! \u00dcberp\u00fcnktlich zum 11.11. sind auch die NFD\u00b4ler am 10.11. in die n\u00e4rrische 5. Jahreszeit gestartet.<\/p>\n<p>Bei einem langen Tagesmarsch haben wir am letzten Samstag zun\u00e4chst die n\u00e4here Umgebung rund um unser sch\u00f6nes D\u00f6rfchen erkundet. Unser Ziel war die Pilsstube &#8222;Linde&#8220; in unserer Nachbarortschaft Sp\u00f6ck. Dort angekommen warteten bereits Olga und Klaus mit einer herrlichen Auswahl an Getr\u00e4nken auf uns. Lars von der Metzgerei Engel servierte uns gekonnt ein leckeres Spanferkel. Nach dem Essen stimmte uns Pr\u00e4sident Gei\u00dfler auf die 34. Kampagne der NFD ein.<\/p>\n<p>Mit einem weinenden Auge mussten wir Oliver Sch\u00e4fer aus dem 11erRat verabschieden. Lieber Oliver, herzlichen Dank f\u00fcr deinen Einsatz in den letzten Jahre. Das Amt des Musikdirektors der NFD wird zuk\u00fcnftig von Simon Bl\u00fcmle begleitet. Wir w\u00fcnschen ihm hierzu ein gl\u00fcckliches &#8222;H\u00e4ndchen&#8220; und viel Spa\u00df mit uns beim Musizieren.<\/p>\n<p>Den Abend lie\u00dfen wir dann in gekonnter Manier langsam ausklingen und die Vorfreude auf die ersten Umz\u00fcge und Auftritte stieg von Stunde zu Stunde!<\/p>\n<p>#NFD &#8211; meeeeh wie scheeee<\/p>\n","protected":false},"excerpt":{"rendered":"<p>Helau und Alaaf! \u00dcberp\u00fcnktlich zum 11.11. sind auch die NFD\u00b4ler am 10.11. in die n\u00e4rrische 5. Jahreszeit gestartet. Bei einem langen Tagesmarsch haben wir am<\/p>\n","protected":false},"author":3,"featured_media":569,"comment_status":"closed","ping_status":"closed","sticky":false,"template":"","format":"standard","meta":{"footnotes":""},"categories":[2],"tags":[],"class_list":["post-568","post","type-post","status-publish","format-standard","has-post-thumbnail","hentry","category-aktuelles"],"_links":{"self":[{"href":"https:\/\/www.musikverein-neuthard.de\/index.php\/wp-json\/wp\/v2\/posts\/568","targetHints":{"allow":["GET"]}}],"collection":[{"href":"https:\/\/www.musikverein-neuthard.de\/index.php\/wp-json\/wp\/v2\/posts"}],"about":[{"href":"https:\/\/www.musikverein-neuthard.de\/index.php\/wp-json\/wp\/v2\/types\/post"}],"author":[{"embeddable":true,"href":"https:\/\/www.musikverein-neuthard.de\/index.php\/wp-json\/wp\/v2\/users\/3"}],"replies":[{"embeddable":true,"href":"https:\/\/www.musikverein-neuthard.de\/index.php\/wp-json\/wp\/v2\/comments?post=568"}],"version-history":[{"count":1,"href":"https:\/\/www.musikverein-neuthard.de\/index.php\/wp-json\/wp\/v2\/posts\/568\/revisions"}],"predecessor-version":[{"id":570,"href":"https:\/\/www.musikverein-neuthard.de\/index.php\/wp-json\/wp\/v2\/posts\/568\/revisions\/570"}],"wp:featuredmedia":[{"embeddable":true,"href":"https:\/\/www.musikverein-neuthard.de\/index.php\/wp-json\/wp\/v2\/media\/569"}],"wp:attachment":[{"href":"https:\/\/www.musikverein-neuthard.de\/index.php\/wp-json\/wp\/v2\/media?parent=568"}],"wp:term":[{"taxonomy":"category","embeddable":true,"href":"https:\/\/www.musikverein-neuthard.de\/index.php\/wp-json\/wp\/v2\/categories?post=568"},{"taxonomy":"post_tag","embeddable":true,"href":"https:\/\/www.musikverein-neuthard.de\/index.php\/wp-json\/wp\/v2\/tags?post=568"}],"curies":[{"name":"wp","href":"https:\/\/api.w.org\/{rel}","templated":true}]}}