{"id":573,"date":"2018-10-26T20:29:03","date_gmt":"2018-10-26T18:29:03","guid":{"rendered":"https:\/\/www.musikverein-neuthard.de\/?p=573"},"modified":"2018-11-20T20:32:27","modified_gmt":"2018-11-20T19:32:27","slug":"abstimmung-fruehjahrskonzert","status":"publish","type":"post","link":"https:\/\/www.musikverein-neuthard.de\/index.php\/2018\/10\/abstimmung-fruehjahrskonzert\/","title":{"rendered":"Abstimmung Fr\u00fchjahrskonzert"},"content":{"rendered":"<p>Vergangenen Freitag stimmten die Musikerinnen und Musiker nach Vorschl\u00e4gen unseres Dirigenten \u00fcber das Thema des kommenden Fr\u00fchjahrskonzert ab.<\/p>\n<p>Die Qual der Wahl war aufgrund der vielen attraktiven Vorschl\u00e4ge \u00e4u\u00dferst knapp. Zu guter Letzt wurde in einer &#8222;Kampfabstimmung&#8220; zwischen zwei Themen entschieden.<\/p>\n<p>Hiermit laden wir Sie schon einmal zu unserem <strong>Fr\u00fchjahrskonzert am 13. April 2019<\/strong> ein.<\/p>\n","protected":false},"excerpt":{"rendered":"<p>Vergangenen Freitag stimmten die Musikerinnen und Musiker nach Vorschl\u00e4gen unseres Dirigenten \u00fcber das Thema des kommenden Fr\u00fchjahrskonzert ab. Die Qual der Wahl war aufgrund der<\/p>\n","protected":false},"author":3,"featured_media":579,"comment_status":"closed","ping_status":"closed","sticky":false,"template":"","format":"standard","meta":{"footnotes":""},"categories":[2],"tags":[],"class_list":["post-573","post","type-post","status-publish","format-standard","has-post-thumbnail","hentry","category-aktuelles"],"_links":{"self":[{"href":"https:\/\/www.musikverein-neuthard.de\/index.php\/wp-json\/wp\/v2\/posts\/573","targetHints":{"allow":["GET"]}}],"collection":[{"href":"https:\/\/www.musikverein-neuthard.de\/index.php\/wp-json\/wp\/v2\/posts"}],"about":[{"href":"https:\/\/www.musikverein-neuthard.de\/index.php\/wp-json\/wp\/v2\/types\/post"}],"author":[{"embeddable":true,"href":"https:\/\/www.musikverein-neuthard.de\/index.php\/wp-json\/wp\/v2\/users\/3"}],"replies":[{"embeddable":true,"href":"https:\/\/www.musikverein-neuthard.de\/index.php\/wp-json\/wp\/v2\/comments?post=573"}],"version-history":[{"count":1,"href":"https:\/\/www.musikverein-neuthard.de\/index.php\/wp-json\/wp\/v2\/posts\/573\/revisions"}],"predecessor-version":[{"id":574,"href":"https:\/\/www.musikverein-neuthard.de\/index.php\/wp-json\/wp\/v2\/posts\/573\/revisions\/574"}],"wp:featuredmedia":[{"embeddable":true,"href":"https:\/\/www.musikverein-neuthard.de\/index.php\/wp-json\/wp\/v2\/media\/579"}],"wp:attachment":[{"href":"https:\/\/www.musikverein-neuthard.de\/index.php\/wp-json\/wp\/v2\/media?parent=573"}],"wp:term":[{"taxonomy":"category","embeddable":true,"href":"https:\/\/www.musikverein-neuthard.de\/index.php\/wp-json\/wp\/v2\/categories?post=573"},{"taxonomy":"post_tag","embeddable":true,"href":"https:\/\/www.musikverein-neuthard.de\/index.php\/wp-json\/wp\/v2\/tags?post=573"}],"curies":[{"name":"wp","href":"https:\/\/api.w.org\/{rel}","templated":true}]}}