{"id":580,"date":"2018-11-20T21:09:21","date_gmt":"2018-11-20T20:09:21","guid":{"rendered":"https:\/\/www.musikverein-neuthard.de\/?p=580"},"modified":"2018-11-27T22:37:53","modified_gmt":"2018-11-27T21:37:53","slug":"volkstrauertag","status":"publish","type":"post","link":"https:\/\/www.musikverein-neuthard.de\/index.php\/2018\/11\/volkstrauertag\/","title":{"rendered":"Volkstrauertag"},"content":{"rendered":"<p>Am Sonntag, den 18.11.2018 umrahmte der Musikverein den Volkstrauertag vor der katholischen Kirche Sankt Sebastian musikalisch. Zusammen mit Herrn B\u00fcrgermeister Weigt, Vertretern der Gemeinde und Abordnungen der verschiedenen Vereine und Verb\u00e4nde versammelten wir uns nach dem Gottesdienst auf dem alten Friedhof zur Kranzniederlegung. Bei strahlendem Sonnenschein, aber b\u00f6igem Ostwind brachten wir die St\u00fccke &#8222;Nearer my God&#8220; und &#8222;Ich hatt&#8216; einen Kameraden&#8220; zu Geh\u00f6r.<\/p>\n","protected":false},"excerpt":{"rendered":"<p>Am Sonntag, den 18.11.2018 umrahmte der Musikverein den Volkstrauertag vor der katholischen Kirche Sankt Sebastian musikalisch. Zusammen mit Herrn B\u00fcrgermeister Weigt, Vertretern der Gemeinde und<\/p>\n","protected":false},"author":3,"featured_media":581,"comment_status":"closed","ping_status":"closed","sticky":false,"template":"","format":"standard","meta":{"footnotes":""},"categories":[2],"tags":[],"class_list":["post-580","post","type-post","status-publish","format-standard","has-post-thumbnail","hentry","category-aktuelles"],"_links":{"self":[{"href":"https:\/\/www.musikverein-neuthard.de\/index.php\/wp-json\/wp\/v2\/posts\/580","targetHints":{"allow":["GET"]}}],"collection":[{"href":"https:\/\/www.musikverein-neuthard.de\/index.php\/wp-json\/wp\/v2\/posts"}],"about":[{"href":"https:\/\/www.musikverein-neuthard.de\/index.php\/wp-json\/wp\/v2\/types\/post"}],"author":[{"embeddable":true,"href":"https:\/\/www.musikverein-neuthard.de\/index.php\/wp-json\/wp\/v2\/users\/3"}],"replies":[{"embeddable":true,"href":"https:\/\/www.musikverein-neuthard.de\/index.php\/wp-json\/wp\/v2\/comments?post=580"}],"version-history":[{"count":3,"href":"https:\/\/www.musikverein-neuthard.de\/index.php\/wp-json\/wp\/v2\/posts\/580\/revisions"}],"predecessor-version":[{"id":585,"href":"https:\/\/www.musikverein-neuthard.de\/index.php\/wp-json\/wp\/v2\/posts\/580\/revisions\/585"}],"wp:featuredmedia":[{"embeddable":true,"href":"https:\/\/www.musikverein-neuthard.de\/index.php\/wp-json\/wp\/v2\/media\/581"}],"wp:attachment":[{"href":"https:\/\/www.musikverein-neuthard.de\/index.php\/wp-json\/wp\/v2\/media?parent=580"}],"wp:term":[{"taxonomy":"category","embeddable":true,"href":"https:\/\/www.musikverein-neuthard.de\/index.php\/wp-json\/wp\/v2\/categories?post=580"},{"taxonomy":"post_tag","embeddable":true,"href":"https:\/\/www.musikverein-neuthard.de\/index.php\/wp-json\/wp\/v2\/tags?post=580"}],"curies":[{"name":"wp","href":"https:\/\/api.w.org\/{rel}","templated":true}]}}