{"id":813,"date":"2019-11-18T20:30:05","date_gmt":"2019-11-18T19:30:05","guid":{"rendered":"https:\/\/www.musikverein-neuthard.de\/?p=813"},"modified":"2019-11-18T20:30:05","modified_gmt":"2019-11-18T19:30:05","slug":"gedenkgottesdienst-st-sebastian","status":"publish","type":"post","link":"https:\/\/www.musikverein-neuthard.de\/index.php\/2019\/11\/gedenkgottesdienst-st-sebastian\/","title":{"rendered":"Gedenkgottesdienst St. Sebastian"},"content":{"rendered":"<p>F\u00fcr die Musikerinnen und Musiker des MVN ist ein Konzert in der Kirche nicht nur ein besinnlicher Anlass, sondern auch ein akkustischer H\u00f6hepunkt. Am vergangenen Samstag hat der Musikverein im Rahmen des Gedenkgottesdienstes f\u00fcr seine Verstorbenen die Resonanz der Kirche voll ausgenutzt und die Zuh\u00f6rer verzaubert.<\/p>\n<p>Vielen Dank allen Besuchern. Es war uns eine Freude f\u00fcr Euch Musik zu machen.<\/p>\n","protected":false},"excerpt":{"rendered":"<p>F\u00fcr die Musikerinnen und Musiker des MVN ist ein Konzert in der Kirche nicht nur ein besinnlicher Anlass, sondern auch ein akkustischer H\u00f6hepunkt. Am vergangenen<\/p>\n","protected":false},"author":3,"featured_media":815,"comment_status":"closed","ping_status":"closed","sticky":false,"template":"","format":"standard","meta":{"footnotes":""},"categories":[2],"tags":[],"class_list":["post-813","post","type-post","status-publish","format-standard","has-post-thumbnail","hentry","category-aktuelles"],"_links":{"self":[{"href":"https:\/\/www.musikverein-neuthard.de\/index.php\/wp-json\/wp\/v2\/posts\/813","targetHints":{"allow":["GET"]}}],"collection":[{"href":"https:\/\/www.musikverein-neuthard.de\/index.php\/wp-json\/wp\/v2\/posts"}],"about":[{"href":"https:\/\/www.musikverein-neuthard.de\/index.php\/wp-json\/wp\/v2\/types\/post"}],"author":[{"embeddable":true,"href":"https:\/\/www.musikverein-neuthard.de\/index.php\/wp-json\/wp\/v2\/users\/3"}],"replies":[{"embeddable":true,"href":"https:\/\/www.musikverein-neuthard.de\/index.php\/wp-json\/wp\/v2\/comments?post=813"}],"version-history":[{"count":1,"href":"https:\/\/www.musikverein-neuthard.de\/index.php\/wp-json\/wp\/v2\/posts\/813\/revisions"}],"predecessor-version":[{"id":814,"href":"https:\/\/www.musikverein-neuthard.de\/index.php\/wp-json\/wp\/v2\/posts\/813\/revisions\/814"}],"wp:featuredmedia":[{"embeddable":true,"href":"https:\/\/www.musikverein-neuthard.de\/index.php\/wp-json\/wp\/v2\/media\/815"}],"wp:attachment":[{"href":"https:\/\/www.musikverein-neuthard.de\/index.php\/wp-json\/wp\/v2\/media?parent=813"}],"wp:term":[{"taxonomy":"category","embeddable":true,"href":"https:\/\/www.musikverein-neuthard.de\/index.php\/wp-json\/wp\/v2\/categories?post=813"},{"taxonomy":"post_tag","embeddable":true,"href":"https:\/\/www.musikverein-neuthard.de\/index.php\/wp-json\/wp\/v2\/tags?post=813"}],"curies":[{"name":"wp","href":"https:\/\/api.w.org\/{rel}","templated":true}]}}