{"id":854,"date":"2019-12-25T19:48:10","date_gmt":"2019-12-25T18:48:10","guid":{"rendered":"https:\/\/www.musikverein-neuthard.de\/?p=854"},"modified":"2020-01-26T19:48:57","modified_gmt":"2020-01-26T18:48:57","slug":"besinnliche-weihnachten","status":"publish","type":"post","link":"https:\/\/www.musikverein-neuthard.de\/index.php\/2019\/12\/besinnliche-weihnachten\/","title":{"rendered":"Besinnliche Weihnachten"},"content":{"rendered":"<div>\n<p>Mit leisen besinnlichen Kl\u00e4ngen l\u00e4uteten wir, das 1. Orchester zusammen mit der Jugendkapelle, am Heiligen Abend die Weihnachtsfeiertage ein. Viele Besucher von nah und fern str\u00f6mten auf den Friedhof, um sich in die richtige Weihnachtsstimmung versetzen zu lassen. P\u00fcnktlich um 15 Uhr verzogen sich die Wolken und ein wenig Sonne strahlte vom Himmel.<\/p>\n<p>Mit einem lauten und fr\u00f6hlichen White Christmas verabschiedeten wir uns in diesem Jahr von unseren Zuh\u00f6rern und freuen uns auf unser Jubil\u00e4umsjahr 2020.<\/p>\n<p><a href=\"https:\/\/www.musikverein-neuthard.de\/wp-content\/uploads\/2020\/01\/2019-12_Friedhof1.jpg\"><img loading=\"lazy\" decoding=\"async\" class=\"alignnone size-full wp-image-855\" src=\"https:\/\/www.musikverein-neuthard.de\/wp-content\/uploads\/2020\/01\/2019-12_Friedhof1.jpg\" alt=\"\" width=\"720\" height=\"518\" srcset=\"https:\/\/www.musikverein-neuthard.de\/wp-content\/uploads\/2020\/01\/2019-12_Friedhof1.jpg 720w, https:\/\/www.musikverein-neuthard.de\/wp-content\/uploads\/2020\/01\/2019-12_Friedhof1-300x216.jpg 300w\" sizes=\"auto, (max-width: 720px) 100vw, 720px\" \/><\/a> <a href=\"https:\/\/www.musikverein-neuthard.de\/wp-content\/uploads\/2020\/01\/2019-12_Friedhof2.jpg\"><img loading=\"lazy\" decoding=\"async\" class=\"alignnone size-large wp-image-856\" src=\"https:\/\/www.musikverein-neuthard.de\/wp-content\/uploads\/2020\/01\/2019-12_Friedhof2.jpg\" alt=\"\" width=\"720\" height=\"439\" srcset=\"https:\/\/www.musikverein-neuthard.de\/wp-content\/uploads\/2020\/01\/2019-12_Friedhof2.jpg 720w, https:\/\/www.musikverein-neuthard.de\/wp-content\/uploads\/2020\/01\/2019-12_Friedhof2-300x183.jpg 300w\" sizes=\"auto, (max-width: 720px) 100vw, 720px\" \/><\/a><\/p>\n<\/div>\n","protected":false},"excerpt":{"rendered":"<p>Mit leisen besinnlichen Kl\u00e4ngen l\u00e4uteten wir, das 1. Orchester zusammen mit der Jugendkapelle, am Heiligen Abend die Weihnachtsfeiertage ein. Viele Besucher von nah und fern<\/p>\n","protected":false},"author":3,"featured_media":855,"comment_status":"closed","ping_status":"closed","sticky":false,"template":"","format":"standard","meta":{"footnotes":""},"categories":[2],"tags":[],"class_list":["post-854","post","type-post","status-publish","format-standard","has-post-thumbnail","hentry","category-aktuelles"],"_links":{"self":[{"href":"https:\/\/www.musikverein-neuthard.de\/index.php\/wp-json\/wp\/v2\/posts\/854","targetHints":{"allow":["GET"]}}],"collection":[{"href":"https:\/\/www.musikverein-neuthard.de\/index.php\/wp-json\/wp\/v2\/posts"}],"about":[{"href":"https:\/\/www.musikverein-neuthard.de\/index.php\/wp-json\/wp\/v2\/types\/post"}],"author":[{"embeddable":true,"href":"https:\/\/www.musikverein-neuthard.de\/index.php\/wp-json\/wp\/v2\/users\/3"}],"replies":[{"embeddable":true,"href":"https:\/\/www.musikverein-neuthard.de\/index.php\/wp-json\/wp\/v2\/comments?post=854"}],"version-history":[{"count":1,"href":"https:\/\/www.musikverein-neuthard.de\/index.php\/wp-json\/wp\/v2\/posts\/854\/revisions"}],"predecessor-version":[{"id":857,"href":"https:\/\/www.musikverein-neuthard.de\/index.php\/wp-json\/wp\/v2\/posts\/854\/revisions\/857"}],"wp:featuredmedia":[{"embeddable":true,"href":"https:\/\/www.musikverein-neuthard.de\/index.php\/wp-json\/wp\/v2\/media\/855"}],"wp:attachment":[{"href":"https:\/\/www.musikverein-neuthard.de\/index.php\/wp-json\/wp\/v2\/media?parent=854"}],"wp:term":[{"taxonomy":"category","embeddable":true,"href":"https:\/\/www.musikverein-neuthard.de\/index.php\/wp-json\/wp\/v2\/categories?post=854"},{"taxonomy":"post_tag","embeddable":true,"href":"https:\/\/www.musikverein-neuthard.de\/index.php\/wp-json\/wp\/v2\/tags?post=854"}],"curies":[{"name":"wp","href":"https:\/\/api.w.org\/{rel}","templated":true}]}}