{"id":858,"date":"2019-12-17T19:52:40","date_gmt":"2019-12-17T18:52:40","guid":{"rendered":"https:\/\/www.musikverein-neuthard.de\/?p=858"},"modified":"2020-01-26T19:54:52","modified_gmt":"2020-01-26T18:54:52","slug":"weihnachtsfeier-2019-start-ins-jubilaeumsjahr-2020","status":"publish","type":"post","link":"https:\/\/www.musikverein-neuthard.de\/index.php\/2019\/12\/weihnachtsfeier-2019-start-ins-jubilaeumsjahr-2020\/","title":{"rendered":"Weihnachtsfeier 2019 \u2013 Start ins Jubil\u00e4umsjahr 2020"},"content":{"rendered":"<div>\n<p>Gemeinsam beging die Musikerfamilie vergangenen Samstag ihre Weihnachtsfeier im Haus der Musik. Mit einem Glas Sekt wurden die Mitglieder am Eingang begr\u00fc\u00dft und fanden schnell ein gutes Pl\u00e4tzchen. Die Jugendkapelle er\u00f6ffnete mit fr\u00f6hlichen und besinnlichen Weihnachtsliedern den unterhaltsamen Abend. Nach der Begr\u00fc\u00dfung durch Elke labten sich Gro\u00df und Klein am Buffet.<\/p>\n<p>Wie es Tradition ist, bedankte sich Elke bei allen im vergangenen Jahr besonders aktiven Mitgliedern, ihren Verwaltungsrats- und Vorstandskollegen in Form eines kleinen Pr\u00e4sents.<\/p>\n<p>Der Jahresr\u00fcckblick lernte dieses Jahr laufen. Tobias gestaltete zu unserer Unterhaltung einen Film, aus den interessantesten Bildern des letzten Jahres.<\/p>\n<p>Mit einem kurzen Ausblick auf unser Jubil\u00e4umsjahr 2020 endete der offizielle Teil.<\/p>\n<\/div>\n","protected":false},"excerpt":{"rendered":"<p>Gemeinsam beging die Musikerfamilie vergangenen Samstag ihre Weihnachtsfeier im Haus der Musik. Mit einem Glas Sekt wurden die Mitglieder am Eingang begr\u00fc\u00dft und fanden schnell<\/p>\n","protected":false},"author":3,"featured_media":859,"comment_status":"closed","ping_status":"closed","sticky":false,"template":"","format":"standard","meta":{"footnotes":""},"categories":[2],"tags":[],"class_list":["post-858","post","type-post","status-publish","format-standard","has-post-thumbnail","hentry","category-aktuelles"],"_links":{"self":[{"href":"https:\/\/www.musikverein-neuthard.de\/index.php\/wp-json\/wp\/v2\/posts\/858","targetHints":{"allow":["GET"]}}],"collection":[{"href":"https:\/\/www.musikverein-neuthard.de\/index.php\/wp-json\/wp\/v2\/posts"}],"about":[{"href":"https:\/\/www.musikverein-neuthard.de\/index.php\/wp-json\/wp\/v2\/types\/post"}],"author":[{"embeddable":true,"href":"https:\/\/www.musikverein-neuthard.de\/index.php\/wp-json\/wp\/v2\/users\/3"}],"replies":[{"embeddable":true,"href":"https:\/\/www.musikverein-neuthard.de\/index.php\/wp-json\/wp\/v2\/comments?post=858"}],"version-history":[{"count":2,"href":"https:\/\/www.musikverein-neuthard.de\/index.php\/wp-json\/wp\/v2\/posts\/858\/revisions"}],"predecessor-version":[{"id":861,"href":"https:\/\/www.musikverein-neuthard.de\/index.php\/wp-json\/wp\/v2\/posts\/858\/revisions\/861"}],"wp:featuredmedia":[{"embeddable":true,"href":"https:\/\/www.musikverein-neuthard.de\/index.php\/wp-json\/wp\/v2\/media\/859"}],"wp:attachment":[{"href":"https:\/\/www.musikverein-neuthard.de\/index.php\/wp-json\/wp\/v2\/media?parent=858"}],"wp:term":[{"taxonomy":"category","embeddable":true,"href":"https:\/\/www.musikverein-neuthard.de\/index.php\/wp-json\/wp\/v2\/categories?post=858"},{"taxonomy":"post_tag","embeddable":true,"href":"https:\/\/www.musikverein-neuthard.de\/index.php\/wp-json\/wp\/v2\/tags?post=858"}],"curies":[{"name":"wp","href":"https:\/\/api.w.org\/{rel}","templated":true}]}}