{"id":89,"date":"2017-09-14T23:21:11","date_gmt":"2017-09-14T21:21:11","guid":{"rendered":"https:\/\/www.musikverein-neuthard.de\/?p=89"},"modified":"2017-09-14T23:22:45","modified_gmt":"2017-09-14T21:22:45","slug":"impressionen-dorffest","status":"publish","type":"post","link":"https:\/\/www.musikverein-neuthard.de\/index.php\/2017\/09\/impressionen-dorffest\/","title":{"rendered":"Impressionen Dorffest"},"content":{"rendered":"<p>Endlich geniales Wetter! Das dachten viele Helfer, als Sie vergangene Woche das Dorffest aufbauten. So oft schon haben viele flei\u00dfige H\u00e4nde geholfen und der Erfolg war leider nur m\u00e4\u00dfig, da aufgrund schlechten Wetters die Besucher ausblieben. Aber dieses Jahr wendete sich das Blatt. Das Fest war am Samstag sehr, sehr gut besucht. Je sp\u00e4ter der Abend wurde, desto zahlreicher kamen die G\u00e4ste.<\/p>\n<p><a href=\"https:\/\/www.musikverein-neuthard.de\/wp-content\/uploads\/2017\/09\/2017-06_Dorffest1.jpg\"><img loading=\"lazy\" decoding=\"async\" class=\"alignnone size-full wp-image-48\" src=\"https:\/\/www.musikverein-neuthard.de\/wp-content\/uploads\/2017\/09\/2017-06_Dorffest1.jpg\" alt=\"\" width=\"650\" height=\"366\" srcset=\"https:\/\/www.musikverein-neuthard.de\/wp-content\/uploads\/2017\/09\/2017-06_Dorffest1.jpg 650w, https:\/\/www.musikverein-neuthard.de\/wp-content\/uploads\/2017\/09\/2017-06_Dorffest1-300x169.jpg 300w\" sizes=\"auto, (max-width: 650px) 100vw, 650px\" \/><\/a><\/p>\n<p>Sowohl in der K\u00fcche, wie auch im Pavillion wurde es keinem der Helfer langweilig. Das Essen ging zahlreich \u00fcber den Tresen. Eindeutig zu klein war unsere Lik\u00f6r- und Cocktailbar am Samstagabend. Das Team an der Bar gab sein Bestes, um allen Durstigen gerecht zu werden.<\/p>\n<p>Ein weiteres Publikummagnet war unser Pilsstand. Von hier aus, genossen viele Besucher die Live-Musik an unserem Nachbarstand. Bis in den sp\u00e4ten Abend hinein backten die M\u00e4dels in der Holzh\u00fctte Striwili.<\/p>\n<p>Einen doch sehr schwei\u00dftreibenden Job erledigte das Abbauteam am Dienstag. Bei dr\u00fcckenden 30\u00b0 Grad wurden die Zelte, Tische, B\u00e4nke, K\u00fcchenutensilien etc. geputzt, abgebaut und wieder ins MVN gefahren.<\/p>\n<p>An dieser Stelle recht herzlichen Dank an alle Helfer vor, w\u00e4hrend und nach dem Dorffest!<\/p>\n","protected":false},"excerpt":{"rendered":"<p>Endlich geniales Wetter! Das dachten viele Helfer, als Sie vergangene Woche das Dorffest aufbauten. So oft schon haben viele flei\u00dfige H\u00e4nde geholfen und der Erfolg<\/p>\n","protected":false},"author":3,"featured_media":49,"comment_status":"closed","ping_status":"closed","sticky":false,"template":"","format":"standard","meta":{"footnotes":""},"categories":[2],"tags":[],"class_list":["post-89","post","type-post","status-publish","format-standard","has-post-thumbnail","hentry","category-aktuelles"],"_links":{"self":[{"href":"https:\/\/www.musikverein-neuthard.de\/index.php\/wp-json\/wp\/v2\/posts\/89","targetHints":{"allow":["GET"]}}],"collection":[{"href":"https:\/\/www.musikverein-neuthard.de\/index.php\/wp-json\/wp\/v2\/posts"}],"about":[{"href":"https:\/\/www.musikverein-neuthard.de\/index.php\/wp-json\/wp\/v2\/types\/post"}],"author":[{"embeddable":true,"href":"https:\/\/www.musikverein-neuthard.de\/index.php\/wp-json\/wp\/v2\/users\/3"}],"replies":[{"embeddable":true,"href":"https:\/\/www.musikverein-neuthard.de\/index.php\/wp-json\/wp\/v2\/comments?post=89"}],"version-history":[{"count":2,"href":"https:\/\/www.musikverein-neuthard.de\/index.php\/wp-json\/wp\/v2\/posts\/89\/revisions"}],"predecessor-version":[{"id":91,"href":"https:\/\/www.musikverein-neuthard.de\/index.php\/wp-json\/wp\/v2\/posts\/89\/revisions\/91"}],"wp:featuredmedia":[{"embeddable":true,"href":"https:\/\/www.musikverein-neuthard.de\/index.php\/wp-json\/wp\/v2\/media\/49"}],"wp:attachment":[{"href":"https:\/\/www.musikverein-neuthard.de\/index.php\/wp-json\/wp\/v2\/media?parent=89"}],"wp:term":[{"taxonomy":"category","embeddable":true,"href":"https:\/\/www.musikverein-neuthard.de\/index.php\/wp-json\/wp\/v2\/categories?post=89"},{"taxonomy":"post_tag","embeddable":true,"href":"https:\/\/www.musikverein-neuthard.de\/index.php\/wp-json\/wp\/v2\/tags?post=89"}],"curies":[{"name":"wp","href":"https:\/\/api.w.org\/{rel}","templated":true}]}}