{"id":899,"date":"2020-03-13T13:27:07","date_gmt":"2020-03-13T12:27:07","guid":{"rendered":"https:\/\/www.musikverein-neuthard.de\/?p=899"},"modified":"2020-04-05T13:34:33","modified_gmt":"2020-04-05T11:34:33","slug":"feinschliff-fuer-das-jubilaeumskonzert","status":"publish","type":"post","link":"https:\/\/www.musikverein-neuthard.de\/index.php\/2020\/03\/feinschliff-fuer-das-jubilaeumskonzert\/","title":{"rendered":"Feinschliff f\u00fcr das Jubil\u00e4umskonzert"},"content":{"rendered":"<p>Traditionell verbrachte der MVN vor dem Konzert ein Wochenende in Str\u00fcmpfelbrunn, um einige schwierige Stellen genaustens zu \u00fcben, das Zusammenspiel zu f\u00f6rdern, dem Konzert den letzten Schliff zu verpassen und vor allem die Gemeinschaft zu st\u00e4rken. Erfolgreich absolvierten wir unser Probenwochenende am altbekannten Ort im Schullandheim im Odenwald. In v\u00f6lliger Ruhe und herrrlicher Umgebung, allerdings so ziemlich am Ende der Welt. Nach vielen Stunden Register- und Gesamtproben konnten sich Fuchs und Hase an unseren wunderbar einstudierten St\u00fccken erfreuen.<\/p>\n<p>Ein gro\u00dfes Lob an Manuel f\u00fcr die wunderbare Organisation!<\/p>\n<p>Es war ein tolles Wochenende mit einem Haus ganz f\u00fcr uns alleine und super leckerem Essen!<\/p>\n<p><img loading=\"lazy\" decoding=\"async\" class=\"alignnone wp-image-904 size-full\" src=\"https:\/\/www.musikverein-neuthard.de\/wp-content\/uploads\/2020\/03\/2020-03_ProWo2.jpg\" alt=\"\" width=\"708\" height=\"398\" srcset=\"https:\/\/www.musikverein-neuthard.de\/wp-content\/uploads\/2020\/03\/2020-03_ProWo2.jpg 708w, https:\/\/www.musikverein-neuthard.de\/wp-content\/uploads\/2020\/03\/2020-03_ProWo2-300x169.jpg 300w\" sizes=\"auto, (max-width: 708px) 100vw, 708px\" \/> <img loading=\"lazy\" decoding=\"async\" class=\"alignnone size-full wp-image-905\" src=\"https:\/\/www.musikverein-neuthard.de\/wp-content\/uploads\/2020\/03\/2020-03_ProWo3.jpg\" alt=\"\" width=\"720\" height=\"516\" srcset=\"https:\/\/www.musikverein-neuthard.de\/wp-content\/uploads\/2020\/03\/2020-03_ProWo3.jpg 720w, https:\/\/www.musikverein-neuthard.de\/wp-content\/uploads\/2020\/03\/2020-03_ProWo3-300x215.jpg 300w\" sizes=\"auto, (max-width: 720px) 100vw, 720px\" \/><\/p>\n","protected":false},"excerpt":{"rendered":"<p>Traditionell verbrachte der MVN vor dem Konzert ein Wochenende in Str\u00fcmpfelbrunn, um einige schwierige Stellen genaustens zu \u00fcben, das Zusammenspiel zu f\u00f6rdern, dem Konzert den<\/p>\n","protected":false},"author":3,"featured_media":903,"comment_status":"closed","ping_status":"closed","sticky":false,"template":"","format":"standard","meta":{"footnotes":""},"categories":[2],"tags":[],"class_list":["post-899","post","type-post","status-publish","format-standard","has-post-thumbnail","hentry","category-aktuelles"],"_links":{"self":[{"href":"https:\/\/www.musikverein-neuthard.de\/index.php\/wp-json\/wp\/v2\/posts\/899","targetHints":{"allow":["GET"]}}],"collection":[{"href":"https:\/\/www.musikverein-neuthard.de\/index.php\/wp-json\/wp\/v2\/posts"}],"about":[{"href":"https:\/\/www.musikverein-neuthard.de\/index.php\/wp-json\/wp\/v2\/types\/post"}],"author":[{"embeddable":true,"href":"https:\/\/www.musikverein-neuthard.de\/index.php\/wp-json\/wp\/v2\/users\/3"}],"replies":[{"embeddable":true,"href":"https:\/\/www.musikverein-neuthard.de\/index.php\/wp-json\/wp\/v2\/comments?post=899"}],"version-history":[{"count":3,"href":"https:\/\/www.musikverein-neuthard.de\/index.php\/wp-json\/wp\/v2\/posts\/899\/revisions"}],"predecessor-version":[{"id":907,"href":"https:\/\/www.musikverein-neuthard.de\/index.php\/wp-json\/wp\/v2\/posts\/899\/revisions\/907"}],"wp:featuredmedia":[{"embeddable":true,"href":"https:\/\/www.musikverein-neuthard.de\/index.php\/wp-json\/wp\/v2\/media\/903"}],"wp:attachment":[{"href":"https:\/\/www.musikverein-neuthard.de\/index.php\/wp-json\/wp\/v2\/media?parent=899"}],"wp:term":[{"taxonomy":"category","embeddable":true,"href":"https:\/\/www.musikverein-neuthard.de\/index.php\/wp-json\/wp\/v2\/categories?post=899"},{"taxonomy":"post_tag","embeddable":true,"href":"https:\/\/www.musikverein-neuthard.de\/index.php\/wp-json\/wp\/v2\/tags?post=899"}],"curies":[{"name":"wp","href":"https:\/\/api.w.org\/{rel}","templated":true}]}}