{"id":923,"date":"2020-04-08T20:44:57","date_gmt":"2020-04-08T18:44:57","guid":{"rendered":"https:\/\/www.musikverein-neuthard.de\/?p=923"},"modified":"2020-04-05T21:21:21","modified_gmt":"2020-04-05T19:21:21","slug":"ostergruesse","status":"publish","type":"post","link":"https:\/\/www.musikverein-neuthard.de\/index.php\/2020\/04\/ostergruesse\/","title":{"rendered":"Ostergr\u00fc\u00dfe"},"content":{"rendered":"<div>\n<h2>Kurz vor dem internationalen Durchbruch<\/h2>\n<p>Wie unser Dirigent noch im Probenwochenende zu sagen pflegte: &#8222;Wir stehen kurz vor dem internationalen Durchbruch!&#8220; Wir hatten gro\u00dfe Fortschritte erzielt und es fehlte sozusagen nur noch der Feinschliff.<\/p>\n<p>Nun sind wir, ebenso wie viele andere gro\u00dfe Orchester durch die Pandemie gestoppt worden. In der Verwaltung diskutieren wir, wie und wo wir unser Konzert nachholen werden. Viele Optionen stehen uns offen, also \u00fcbt flei\u00dfig weiter!<\/p>\n<p><strong>Der Musikverein w\u00fcnscht Euch allen frohe, gesunde und friedvolle Ostern!<\/strong><\/p>\n<p>Wir freuen uns, alle hoffentlich in ein paar wieder Wochen bei einer Musikprobe oder der Generalversammlung pers\u00f6nlich zu treffen. Bis dahin haltet die Ohren steif und bleibt gesund!<\/p>\n<p><a href=\"https:\/\/www.musikverein-neuthard.de\/wp-content\/uploads\/2020\/03\/2020-03_ProWo1.jpg\"><img loading=\"lazy\" decoding=\"async\" class=\"alignnone size-large wp-image-903\" src=\"https:\/\/www.musikverein-neuthard.de\/wp-content\/uploads\/2020\/03\/2020-03_ProWo1-1024x684.jpg\" alt=\"\" width=\"900\" height=\"601\" srcset=\"https:\/\/www.musikverein-neuthard.de\/wp-content\/uploads\/2020\/03\/2020-03_ProWo1-1024x684.jpg 1024w, https:\/\/www.musikverein-neuthard.de\/wp-content\/uploads\/2020\/03\/2020-03_ProWo1-300x200.jpg 300w, https:\/\/www.musikverein-neuthard.de\/wp-content\/uploads\/2020\/03\/2020-03_ProWo1-768x513.jpg 768w, https:\/\/www.musikverein-neuthard.de\/wp-content\/uploads\/2020\/03\/2020-03_ProWo1-1536x1027.jpg 1536w, https:\/\/www.musikverein-neuthard.de\/wp-content\/uploads\/2020\/03\/2020-03_ProWo1.jpg 1616w\" sizes=\"auto, (max-width: 900px) 100vw, 900px\" \/><\/a><\/p>\n<p>&nbsp;<\/p>\n<h2>Ostergr\u00fc\u00dfe an die Jugendkapelle<\/h2>\n<p>Liebe Jugendkapelle,<\/p>\n<p>schade, dass unser Konzert abgesagt werden musste. Wir waren schon sehr weit in der Vorbereitung und das \u00dcben an den neuen Titeln hat uns allen viel Spa\u00df gemacht. Aufgeschoben ist nicht aufgehoben &#8211; daher m\u00f6chte ich Euch an Euer Instrument erinnern. Vielleicht macht es Euch Freude die freie Zeit zu nutzen, indem Ihr Euch musikalisch fit haltet und flei\u00dfig \u00fcbt. Wir k\u00f6nnen sicherlich bald wieder gemeinsam musizieren.<\/p>\n<p>Frohe Ostern w\u00fcnscht Euch Markus Heneka<\/p>\n<p><a href=\"https:\/\/www.musikverein-neuthard.de\/wp-content\/uploads\/2020\/01\/2020-01_ProWoJgd2.jpg\"><img loading=\"lazy\" decoding=\"async\" class=\"alignnone size-large wp-image-891\" src=\"https:\/\/www.musikverein-neuthard.de\/wp-content\/uploads\/2020\/01\/2020-01_ProWoJgd2-1024x576.jpg\" alt=\"\" width=\"900\" height=\"506\" srcset=\"https:\/\/www.musikverein-neuthard.de\/wp-content\/uploads\/2020\/01\/2020-01_ProWoJgd2-1024x576.jpg 1024w, https:\/\/www.musikverein-neuthard.de\/wp-content\/uploads\/2020\/01\/2020-01_ProWoJgd2-300x169.jpg 300w, https:\/\/www.musikverein-neuthard.de\/wp-content\/uploads\/2020\/01\/2020-01_ProWoJgd2-768x432.jpg 768w, https:\/\/www.musikverein-neuthard.de\/wp-content\/uploads\/2020\/01\/2020-01_ProWoJgd2-1536x864.jpg 1536w, https:\/\/www.musikverein-neuthard.de\/wp-content\/uploads\/2020\/01\/2020-01_ProWoJgd2.jpg 1600w\" sizes=\"auto, (max-width: 900px) 100vw, 900px\" \/><\/a><\/p>\n<p>&nbsp;<\/p>\n<\/div>\n<h2>Ostergr\u00fc\u00dfe der Cool Music Kids<\/h2>\n<p>Die Cool Music Kids unter der Leitung von Svenja Baumg\u00e4rtner w\u00fcnschen ebenfalls frohe Ostern! Besonders traurig ist f\u00fcr die junge Truppe unter ihrer neuen Stabf\u00fchrerin der Ausfall des ersten Konzertes. Aber auch sie blicken nach vorne und freuen sich auf die n\u00e4chsten Proben!<\/p>\n<p><strong>Spielst Du ein Instrument und m\u00f6chtest bei uns dabei sein?<\/strong><\/p>\n<p>Nach den Corona-Ferien geht es nahtlos weiter, gerne auch mit Dir?<\/p>\n<p>Melde Dich einfach \u00fcber Facebook, Instagram oder unsere Homepage! Wir freuen uns.<\/p>\n<p><a href=\"https:\/\/www.musikverein-neuthard.de\/wp-content\/uploads\/2020\/04\/2020-04_CMK.jpg\"><img loading=\"lazy\" decoding=\"async\" class=\"alignnone size-large wp-image-924\" src=\"https:\/\/www.musikverein-neuthard.de\/wp-content\/uploads\/2020\/04\/2020-04_CMK-1024x768.jpg\" alt=\"\" width=\"900\" height=\"675\" srcset=\"https:\/\/www.musikverein-neuthard.de\/wp-content\/uploads\/2020\/04\/2020-04_CMK-1024x768.jpg 1024w, https:\/\/www.musikverein-neuthard.de\/wp-content\/uploads\/2020\/04\/2020-04_CMK-300x225.jpg 300w, https:\/\/www.musikverein-neuthard.de\/wp-content\/uploads\/2020\/04\/2020-04_CMK-768x576.jpg 768w, https:\/\/www.musikverein-neuthard.de\/wp-content\/uploads\/2020\/04\/2020-04_CMK-1536x1152.jpg 1536w, https:\/\/www.musikverein-neuthard.de\/wp-content\/uploads\/2020\/04\/2020-04_CMK.jpg 1600w\" sizes=\"auto, (max-width: 900px) 100vw, 900px\" \/><\/a><\/p>\n","protected":false},"excerpt":{"rendered":"<p>Kurz vor dem internationalen Durchbruch Wie unser Dirigent noch im Probenwochenende zu sagen pflegte: &#8222;Wir stehen kurz vor dem internationalen Durchbruch!&#8220; Wir hatten gro\u00dfe Fortschritte<\/p>\n","protected":false},"author":3,"featured_media":928,"comment_status":"closed","ping_status":"closed","sticky":false,"template":"","format":"standard","meta":{"footnotes":""},"categories":[2],"tags":[],"class_list":["post-923","post","type-post","status-publish","format-standard","has-post-thumbnail","hentry","category-aktuelles"],"_links":{"self":[{"href":"https:\/\/www.musikverein-neuthard.de\/index.php\/wp-json\/wp\/v2\/posts\/923","targetHints":{"allow":["GET"]}}],"collection":[{"href":"https:\/\/www.musikverein-neuthard.de\/index.php\/wp-json\/wp\/v2\/posts"}],"about":[{"href":"https:\/\/www.musikverein-neuthard.de\/index.php\/wp-json\/wp\/v2\/types\/post"}],"author":[{"embeddable":true,"href":"https:\/\/www.musikverein-neuthard.de\/index.php\/wp-json\/wp\/v2\/users\/3"}],"replies":[{"embeddable":true,"href":"https:\/\/www.musikverein-neuthard.de\/index.php\/wp-json\/wp\/v2\/comments?post=923"}],"version-history":[{"count":1,"href":"https:\/\/www.musikverein-neuthard.de\/index.php\/wp-json\/wp\/v2\/posts\/923\/revisions"}],"predecessor-version":[{"id":925,"href":"https:\/\/www.musikverein-neuthard.de\/index.php\/wp-json\/wp\/v2\/posts\/923\/revisions\/925"}],"wp:featuredmedia":[{"embeddable":true,"href":"https:\/\/www.musikverein-neuthard.de\/index.php\/wp-json\/wp\/v2\/media\/928"}],"wp:attachment":[{"href":"https:\/\/www.musikverein-neuthard.de\/index.php\/wp-json\/wp\/v2\/media?parent=923"}],"wp:term":[{"taxonomy":"category","embeddable":true,"href":"https:\/\/www.musikverein-neuthard.de\/index.php\/wp-json\/wp\/v2\/categories?post=923"},{"taxonomy":"post_tag","embeddable":true,"href":"https:\/\/www.musikverein-neuthard.de\/index.php\/wp-json\/wp\/v2\/tags?post=923"}],"curies":[{"name":"wp","href":"https:\/\/api.w.org\/{rel}","templated":true}]}}