{"id":943,"date":"2020-04-20T17:30:49","date_gmt":"2020-04-20T15:30:49","guid":{"rendered":"https:\/\/www.musikverein-neuthard.de\/?p=943"},"modified":"2020-04-20T17:32:39","modified_gmt":"2020-04-20T15:32:39","slug":"unsere-solisten-still-und-leise","status":"publish","type":"post","link":"https:\/\/www.musikverein-neuthard.de\/index.php\/2020\/04\/unsere-solisten-still-und-leise\/","title":{"rendered":"Unsere Solisten, still und leise"},"content":{"rendered":"<p>Die fr\u00fche Morgensonne kitzelt unseren Musiker vor dem Haus der Musik. Still und leise, aber unersch\u00fctterlich harrt er als Solist in dieser Zeit vor unserem Vereinsheim aus. Umgeben von wundersch\u00f6nen Blumenrabatten, sauber gepflegten Stauden und von jeglichem Unkraut befreite Beete. Mit stolz geschwellter Brust h\u00e4lt er sein Instrument im Anschlag und bewundert die Solisten des Musikvereins, die sich hervorragend um unsere Au\u00dfenanlage k\u00fcmmern.<\/p>\n<p>Allen voran Roland Krieger, welcher sich federf\u00fchrend um unser \u00e4u\u00dferes Erscheinungsbild k\u00fcmmert. Die herrlich sonnigen Tage locken viele Spazierg\u00e4nger\/-innen rund ums Haus der Musik. Deshalb sind wir momentan ein viel gesehenes und bewundertes Anwesen. An dieser Stelle m\u00f6chten wir ihm und allen Beteiligten ein gro\u00dfes Dankesch\u00f6n aussprechen. Alle, die sich auch als Solist bet\u00e4tigen m\u00f6chten, d\u00fcrfen sich gerne bei Roland melden.<\/p>\n","protected":false},"excerpt":{"rendered":"<p>Die fr\u00fche Morgensonne kitzelt unseren Musiker vor dem Haus der Musik. Still und leise, aber unersch\u00fctterlich harrt er als Solist in dieser Zeit vor unserem<\/p>\n","protected":false},"author":3,"featured_media":945,"comment_status":"closed","ping_status":"closed","sticky":false,"template":"","format":"standard","meta":{"footnotes":""},"categories":[2],"tags":[],"class_list":["post-943","post","type-post","status-publish","format-standard","has-post-thumbnail","hentry","category-aktuelles"],"_links":{"self":[{"href":"https:\/\/www.musikverein-neuthard.de\/index.php\/wp-json\/wp\/v2\/posts\/943","targetHints":{"allow":["GET"]}}],"collection":[{"href":"https:\/\/www.musikverein-neuthard.de\/index.php\/wp-json\/wp\/v2\/posts"}],"about":[{"href":"https:\/\/www.musikverein-neuthard.de\/index.php\/wp-json\/wp\/v2\/types\/post"}],"author":[{"embeddable":true,"href":"https:\/\/www.musikverein-neuthard.de\/index.php\/wp-json\/wp\/v2\/users\/3"}],"replies":[{"embeddable":true,"href":"https:\/\/www.musikverein-neuthard.de\/index.php\/wp-json\/wp\/v2\/comments?post=943"}],"version-history":[{"count":1,"href":"https:\/\/www.musikverein-neuthard.de\/index.php\/wp-json\/wp\/v2\/posts\/943\/revisions"}],"predecessor-version":[{"id":944,"href":"https:\/\/www.musikverein-neuthard.de\/index.php\/wp-json\/wp\/v2\/posts\/943\/revisions\/944"}],"wp:featuredmedia":[{"embeddable":true,"href":"https:\/\/www.musikverein-neuthard.de\/index.php\/wp-json\/wp\/v2\/media\/945"}],"wp:attachment":[{"href":"https:\/\/www.musikverein-neuthard.de\/index.php\/wp-json\/wp\/v2\/media?parent=943"}],"wp:term":[{"taxonomy":"category","embeddable":true,"href":"https:\/\/www.musikverein-neuthard.de\/index.php\/wp-json\/wp\/v2\/categories?post=943"},{"taxonomy":"post_tag","embeddable":true,"href":"https:\/\/www.musikverein-neuthard.de\/index.php\/wp-json\/wp\/v2\/tags?post=943"}],"curies":[{"name":"wp","href":"https:\/\/api.w.org\/{rel}","templated":true}]}}