{"id":946,"date":"2020-04-21T18:00:56","date_gmt":"2020-04-21T16:00:56","guid":{"rendered":"https:\/\/www.musikverein-neuthard.de\/?p=946"},"modified":"2020-04-20T17:37:14","modified_gmt":"2020-04-20T15:37:14","slug":"wie-geht-es-weiter","status":"publish","type":"post","link":"https:\/\/www.musikverein-neuthard.de\/index.php\/2020\/04\/wie-geht-es-weiter\/","title":{"rendered":"Wie geht es weiter?"},"content":{"rendered":"<p>Diese Fragen k\u00f6nnen wir zu diesem Zeitpunkt noch nicht beantworten. Die Verwaltung trifft sich regelm\u00e4\u00dfig via Skype zum Austausch aktueller Informationen und Beschl\u00fcsse zum Thema Corona. Sobald wir hier eine sichere Handreichung der Landesregierung und der Gemeinde erfahren, werden wir unsere n\u00e4chsten Musikproben und Festivit\u00e4ten planen.<\/p>\n<p>An dieser Stelle sei an unser Konzert vom letzten Jahr erinnert. Wie gerne haben wir Ihnen unsere musikalischen Errungenschaften nahe gebracht und mit welch&#8216; gro\u00dfem Applaus wurden wir daf\u00fcr belohnt.<\/p>\n<p>Aber aufgeschoben ist nicht aufgehoben. Wir hoffen Sie auf unseren n\u00e4chsten Konzerten und Veranstaltungen wieder begr\u00fc\u00dfen zu d\u00fcrfen!<\/p>\n","protected":false},"excerpt":{"rendered":"<p>Diese Fragen k\u00f6nnen wir zu diesem Zeitpunkt noch nicht beantworten. Die Verwaltung trifft sich regelm\u00e4\u00dfig via Skype zum Austausch aktueller Informationen und Beschl\u00fcsse zum Thema<\/p>\n","protected":false},"author":3,"featured_media":948,"comment_status":"closed","ping_status":"closed","sticky":false,"template":"","format":"standard","meta":{"footnotes":""},"categories":[2],"tags":[],"class_list":["post-946","post","type-post","status-publish","format-standard","has-post-thumbnail","hentry","category-aktuelles"],"_links":{"self":[{"href":"https:\/\/www.musikverein-neuthard.de\/index.php\/wp-json\/wp\/v2\/posts\/946","targetHints":{"allow":["GET"]}}],"collection":[{"href":"https:\/\/www.musikverein-neuthard.de\/index.php\/wp-json\/wp\/v2\/posts"}],"about":[{"href":"https:\/\/www.musikverein-neuthard.de\/index.php\/wp-json\/wp\/v2\/types\/post"}],"author":[{"embeddable":true,"href":"https:\/\/www.musikverein-neuthard.de\/index.php\/wp-json\/wp\/v2\/users\/3"}],"replies":[{"embeddable":true,"href":"https:\/\/www.musikverein-neuthard.de\/index.php\/wp-json\/wp\/v2\/comments?post=946"}],"version-history":[{"count":1,"href":"https:\/\/www.musikverein-neuthard.de\/index.php\/wp-json\/wp\/v2\/posts\/946\/revisions"}],"predecessor-version":[{"id":947,"href":"https:\/\/www.musikverein-neuthard.de\/index.php\/wp-json\/wp\/v2\/posts\/946\/revisions\/947"}],"wp:featuredmedia":[{"embeddable":true,"href":"https:\/\/www.musikverein-neuthard.de\/index.php\/wp-json\/wp\/v2\/media\/948"}],"wp:attachment":[{"href":"https:\/\/www.musikverein-neuthard.de\/index.php\/wp-json\/wp\/v2\/media?parent=946"}],"wp:term":[{"taxonomy":"category","embeddable":true,"href":"https:\/\/www.musikverein-neuthard.de\/index.php\/wp-json\/wp\/v2\/categories?post=946"},{"taxonomy":"post_tag","embeddable":true,"href":"https:\/\/www.musikverein-neuthard.de\/index.php\/wp-json\/wp\/v2\/tags?post=946"}],"curies":[{"name":"wp","href":"https:\/\/api.w.org\/{rel}","templated":true}]}}