{"id":950,"date":"2020-05-02T09:00:43","date_gmt":"2020-05-02T07:00:43","guid":{"rendered":"https:\/\/www.musikverein-neuthard.de\/?p=950"},"modified":"2020-05-10T21:13:26","modified_gmt":"2020-05-10T19:13:26","slug":"liebe-mitglieder-des-musikvereins","status":"publish","type":"post","link":"https:\/\/www.musikverein-neuthard.de\/index.php\/2020\/05\/liebe-mitglieder-des-musikvereins\/","title":{"rendered":"Liebe Mitglieder des Musikvereins!"},"content":{"rendered":"<p>Sicher k\u00f6nnt ihr euch denken, warum ich mich heute auf diesem Weg an euch wende. Leider muss ich offiziell mitteilen, dass wir auf Grund der Corona-Pandemie unser Jubil\u00e4umsmusikfest vom 3.-6.7.2020 absagen m\u00fcssen. Dar\u00fcber sind wir sehr traurig. Liefen doch die Vorbereitungen schon seit einiger Zeit auf Hochtouren. Die Vorfreude und Spannung auf das Fest mit allen seinen \u201eJubil\u00e4umsbesonderheiten\u201c war bei uns Musikern sehr gro\u00df. Und nun das \u2026 Aber wir sind ja leider nicht alleine auf der Welt mit unserer Entt\u00e4uschung. Bei all den Sorgen und dem Leid, was diese Pandemie verursacht, sollten wir uns mit unserem abgesagten Jubil\u00e4umsfestes nicht zu wichtig nehmen. Wichtig ist, dass wir hoffen, dass wir mit der Absage unseres Konzerts am 4. April und der Festabsage dazu beitragen, dass die Infektionsverbreitung einged\u00e4mmt wird.<\/p>\n<p>Ich bedanke mich bei allen, die im vergangenen Jahr unseren Aufrufen, beim Fest mitzuwirken und mitzuhelfen, gefolgt sind. Allen Vereinen und Gruppen, die f\u00fcr den\u00a0Festumzug ihre Teilnahme zugesagt haben, sowie allen Helfern aus anderen Vereinen und Freunden, die sich f\u00fcr einen Helferdienst bereit erkl\u00e4rt haben. Die Verwaltung denkt in der n\u00e4chsten Zeit dar\u00fcber nach, wie das Musikfest\u00a0in 2021 veranstaltet werden k\u00f6nnte. Da aber vieles davon abh\u00e4ngt, wie sich die Pandemie entwickelt, wird noch einige Zeit vergehen, bis dazu ein Beschluss gefasst werden kann.<\/p>\n<p>An alle Queen King Fans: dazu gibt es in der n\u00e4chsten Woche im MTB, aber auch schon vorher in Facebook Informationen. Vorab darf ich schon vermelden, dass wir uns bem\u00fchen, die Band f\u00fcr ein Konzert im n\u00e4chsten Jahr in Neuthard zu gewinnen.<\/p>\n<p>Bleibt gesund und haltet euch tapfer an die Verordnungen, damit wir die Pandemie m\u00f6glichst glimpflich und schnell \u00fcberstehen. Ich freue mich auf den Tag, an dem hier steht: \u201eN\u00e4chste Musikprobe am kommenden Freitag\u201c.<\/p>\n<p>Es gr\u00fc\u00dft euch herzlich<br \/>\nElke, Vorstand MVN<\/p>\n","protected":false},"excerpt":{"rendered":"<p>Sicher k\u00f6nnt ihr euch denken, warum ich mich heute auf diesem Weg an euch wende. Leider muss ich offiziell mitteilen, dass wir auf Grund der<\/p>\n","protected":false},"author":3,"featured_media":0,"comment_status":"closed","ping_status":"closed","sticky":false,"template":"","format":"standard","meta":{"footnotes":""},"categories":[2],"tags":[],"class_list":["post-950","post","type-post","status-publish","format-standard","hentry","category-aktuelles"],"_links":{"self":[{"href":"https:\/\/www.musikverein-neuthard.de\/index.php\/wp-json\/wp\/v2\/posts\/950","targetHints":{"allow":["GET"]}}],"collection":[{"href":"https:\/\/www.musikverein-neuthard.de\/index.php\/wp-json\/wp\/v2\/posts"}],"about":[{"href":"https:\/\/www.musikverein-neuthard.de\/index.php\/wp-json\/wp\/v2\/types\/post"}],"author":[{"embeddable":true,"href":"https:\/\/www.musikverein-neuthard.de\/index.php\/wp-json\/wp\/v2\/users\/3"}],"replies":[{"embeddable":true,"href":"https:\/\/www.musikverein-neuthard.de\/index.php\/wp-json\/wp\/v2\/comments?post=950"}],"version-history":[{"count":1,"href":"https:\/\/www.musikverein-neuthard.de\/index.php\/wp-json\/wp\/v2\/posts\/950\/revisions"}],"predecessor-version":[{"id":951,"href":"https:\/\/www.musikverein-neuthard.de\/index.php\/wp-json\/wp\/v2\/posts\/950\/revisions\/951"}],"wp:attachment":[{"href":"https:\/\/www.musikverein-neuthard.de\/index.php\/wp-json\/wp\/v2\/media?parent=950"}],"wp:term":[{"taxonomy":"category","embeddable":true,"href":"https:\/\/www.musikverein-neuthard.de\/index.php\/wp-json\/wp\/v2\/categories?post=950"},{"taxonomy":"post_tag","embeddable":true,"href":"https:\/\/www.musikverein-neuthard.de\/index.php\/wp-json\/wp\/v2\/tags?post=950"}],"curies":[{"name":"wp","href":"https:\/\/api.w.org\/{rel}","templated":true}]}}