{"id":963,"date":"2020-05-23T10:24:01","date_gmt":"2020-05-23T08:24:01","guid":{"rendered":"https:\/\/www.musikverein-neuthard.de\/?p=963"},"modified":"2020-05-23T10:24:01","modified_gmt":"2020-05-23T08:24:01","slug":"vatertagsfest-der-nfd","status":"publish","type":"post","link":"https:\/\/www.musikverein-neuthard.de\/index.php\/2020\/05\/vatertagsfest-der-nfd\/","title":{"rendered":"Vatertagsfest der NFD"},"content":{"rendered":"<p>Am 21.05.2020 fand wieder unser j\u00e4hrliches Vatertagsfest der NFD statt. Wir wollten uns die Feier nicht von Corona verderben lassen, weshalb wir das Fest quasi wie immer\u00a0nur mit einer klitzekleinen \u00c4nderung durchgezogen haben.<\/p>\n<p>Bereits am Mittwoch wurde durch den Elferrat alles f\u00fcr die grandiose Sause vorbereitet. Die Garage wurde hergerichtet und die Tische und B\u00e4nke f\u00fcr alle zu erwartenden G\u00e4ste gestellt.<\/p>\n<p>Bei besten Vatertagswetter konnte dann so richtig gefeiert werden! Mit Steaks, W\u00fcrsten und Bauchfleisch von der Metzgerei Engel und den unz\u00e4hligen Salatspenden war f\u00fcr das leibliche Wohl ausreichend gesorgt. Die wunderbare Hopfenkaltschale von Alpirsbacher Klosterbr\u00e4u war das perfekte Getr\u00e4nk f\u00fcr diesen sommerlichen Tag. Auch ein Verdauerle nach dem Essen darf da nat\u00fcrlich nicht fehlen. Am Nachmittag gab es zus\u00e4tzlich noch ein reichhaltiges Kuchenb\u00fcfett. Wir danken allen Spendern von Salaten und Kuchen sowie unserem Grillteam Martin und Manuel.<\/p>\n<p>Auch f\u00fcr die Unterhaltung war wie immer bestens gesorgt. Volley- und Fu\u00dfball, Wikingerschach, Wadenerkennen, sowie unsere weltbekannte \u201eSaufmaschine\u201c sorgten f\u00fcr grandiose Stimmung bei allen anwesenden G\u00e4sten. Vielen Dank auch an die vom Elferrat gestellte Blaskapelle, die beste Mitsinglieder auswendig und ohne nur einen schiefen Ton gespielt hat! Bis tief in die Nacht wurde getanzt und gefeiert.<\/p>\n<p>Vielen Dank an alle Helfer, die zum Gelingen des Tages beigetragen haben.<\/p>\n<p>Ach ihr fragt euch sicher was denn die klitzekleine \u00c4nderung zu sonst war? Das Ganze hat dieses Jahr leider nur in unserer Vorstellung so stattgefunden. Wir hoffen, n\u00e4chstes Jahr wieder ein Vatertagsfest in gewohnter Form durchf\u00fchren zu k\u00f6nnen.<\/p>\n<p>Bis dahin bleibt gesund und behaltet euren Humor.<br \/>\nStefan Kistner<\/p>\n","protected":false},"excerpt":{"rendered":"<p>Am 21.05.2020 fand wieder unser j\u00e4hrliches Vatertagsfest der NFD statt. Wir wollten uns die Feier nicht von Corona verderben lassen, weshalb wir das Fest quasi<\/p>\n","protected":false},"author":3,"featured_media":964,"comment_status":"closed","ping_status":"closed","sticky":false,"template":"","format":"standard","meta":{"footnotes":""},"categories":[2],"tags":[],"class_list":["post-963","post","type-post","status-publish","format-standard","has-post-thumbnail","hentry","category-aktuelles"],"_links":{"self":[{"href":"https:\/\/www.musikverein-neuthard.de\/index.php\/wp-json\/wp\/v2\/posts\/963","targetHints":{"allow":["GET"]}}],"collection":[{"href":"https:\/\/www.musikverein-neuthard.de\/index.php\/wp-json\/wp\/v2\/posts"}],"about":[{"href":"https:\/\/www.musikverein-neuthard.de\/index.php\/wp-json\/wp\/v2\/types\/post"}],"author":[{"embeddable":true,"href":"https:\/\/www.musikverein-neuthard.de\/index.php\/wp-json\/wp\/v2\/users\/3"}],"replies":[{"embeddable":true,"href":"https:\/\/www.musikverein-neuthard.de\/index.php\/wp-json\/wp\/v2\/comments?post=963"}],"version-history":[{"count":1,"href":"https:\/\/www.musikverein-neuthard.de\/index.php\/wp-json\/wp\/v2\/posts\/963\/revisions"}],"predecessor-version":[{"id":965,"href":"https:\/\/www.musikverein-neuthard.de\/index.php\/wp-json\/wp\/v2\/posts\/963\/revisions\/965"}],"wp:featuredmedia":[{"embeddable":true,"href":"https:\/\/www.musikverein-neuthard.de\/index.php\/wp-json\/wp\/v2\/media\/964"}],"wp:attachment":[{"href":"https:\/\/www.musikverein-neuthard.de\/index.php\/wp-json\/wp\/v2\/media?parent=963"}],"wp:term":[{"taxonomy":"category","embeddable":true,"href":"https:\/\/www.musikverein-neuthard.de\/index.php\/wp-json\/wp\/v2\/categories?post=963"},{"taxonomy":"post_tag","embeddable":true,"href":"https:\/\/www.musikverein-neuthard.de\/index.php\/wp-json\/wp\/v2\/tags?post=963"}],"curies":[{"name":"wp","href":"https:\/\/api.w.org\/{rel}","templated":true}]}}