{"id":973,"date":"2020-06-05T21:13:26","date_gmt":"2020-06-05T19:13:26","guid":{"rendered":"https:\/\/www.musikverein-neuthard.de\/?p=973"},"modified":"2020-07-16T11:37:39","modified_gmt":"2020-07-16T09:37:39","slug":"fronleichnam-und-musikverein-eine-lange-tradition-in-neuthard","status":"publish","type":"post","link":"https:\/\/www.musikverein-neuthard.de\/index.php\/2020\/06\/fronleichnam-und-musikverein-eine-lange-tradition-in-neuthard\/","title":{"rendered":"Historie (1): Fronleichnam und Musikverein \u2013 eine lange Tradition in Neuthard"},"content":{"rendered":"<p>Wie \u00fcberall in katholischen Gemeinden findet auch in Neuthard die traditionelle Fronleichnams-Prozession statt. In fr\u00fcheren Zeiten \u2013 ohne Automobilverkehr \u2013 ging es nach dem Festgottesdienst von der Kirche rund um das Dorf \u00fcber die Kirchstra\u00dfe hinunter bis zur Einm\u00fcndung in die Hauptstra\u00dfe. Von da an wieder hinauf bis zur oberen Einm\u00fcndung der Kirchstra\u00dfe, heute B\u00fcrgerhausplatz, dann zur\u00fcck zur Kirche. Unterteilt war diese Prozession mit vier geschm\u00fcckten Stra\u00dfen-Alt\u00e4ren f\u00fcr besondere Gebetsanliegen.<\/p>\n<p>Die H\u00e4user entlang des Prozessionsweges sind auch heute mit Blumen, Fahnen und Girlanden geschm\u00fcckt. Fr\u00fcher waren auch Motivbilder an den Hausw\u00e4nden aufgeh\u00e4ngt. Die Stra\u00dfe war damals mit frischem Gras bestreut, auf dem Fu\u00dfweg waren Pappel\u00e4ste, \u201eLai\u00dfen\u201c genannt, eingegraben, also eine kleine B\u00e4umchen-Allee! Mitten im Prozessionszug ist der Pfarrer unter dem Baldachin, der die Monstranz mit dem Allerheiligsten tr\u00e4gt. Davor und dahinter begleiten Kirchenchor, Vereine, viele M\u00e4nner und Frauen sowie Kinder aus Schule und Kindergarten den feierlichen Umzug.<\/p>\n<p>Seit fast 100 Jahren ist der Musikverein Teil dieser Fronleichnams-Prozession. Nach dem Zweiten Weltkrieg hat der damals neue Dirigent Josef Brecht handschriftlich f\u00fcr jeden Musiker ein Prozessionslieder-Album geschrieben. Damit konnte der Umzug mit aktuellen Liedern im feierlichen Marschtempo begleitet werden.<\/p>\n<p>Unser Bild (oben) zeigt hier Dirigent Josef Brecht und die Musikkapelle Mitte der 1950er Jahre. Im Hintergrund links ist das Rathaus mit Schule zu sehen. Gut zu erkennen sind auch H\u00e4userschmuck, der Grasteppich auf der Stra\u00dfe und die \u201eLai\u00dfen\u201c-B\u00e4umchen-Allee.<\/p>\n<p>Im kommenden Jahr 2021 sehen wir dieser Prozession wieder mit Zuversicht entgegen.<\/p>\n<p><a href=\"https:\/\/www.musikverein-neuthard.de\/wp-content\/uploads\/2020\/06\/2020-06_Fronleichnam2.jpg\"><img loading=\"lazy\" decoding=\"async\" class=\"alignnone size-large wp-image-976\" src=\"https:\/\/www.musikverein-neuthard.de\/wp-content\/uploads\/2020\/06\/2020-06_Fronleichnam2-1024x576.jpg\" alt=\"\" width=\"900\" height=\"506\" srcset=\"https:\/\/www.musikverein-neuthard.de\/wp-content\/uploads\/2020\/06\/2020-06_Fronleichnam2-1024x576.jpg 1024w, https:\/\/www.musikverein-neuthard.de\/wp-content\/uploads\/2020\/06\/2020-06_Fronleichnam2-300x169.jpg 300w, https:\/\/www.musikverein-neuthard.de\/wp-content\/uploads\/2020\/06\/2020-06_Fronleichnam2-768x432.jpg 768w, https:\/\/www.musikverein-neuthard.de\/wp-content\/uploads\/2020\/06\/2020-06_Fronleichnam2-1536x864.jpg 1536w, https:\/\/www.musikverein-neuthard.de\/wp-content\/uploads\/2020\/06\/2020-06_Fronleichnam2.jpg 1600w\" sizes=\"auto, (max-width: 900px) 100vw, 900px\" \/><\/a><\/p>\n<p style=\"text-align: right;\"><em>Bernhard Heneka<\/em><\/p>\n","protected":false},"excerpt":{"rendered":"<p>Wie \u00fcberall in katholischen Gemeinden findet auch in Neuthard die traditionelle Fronleichnams-Prozession statt. In fr\u00fcheren Zeiten \u2013 ohne Automobilverkehr \u2013 ging es nach dem Festgottesdienst<\/p>\n","protected":false},"author":3,"featured_media":975,"comment_status":"closed","ping_status":"closed","sticky":false,"template":"","format":"standard","meta":{"footnotes":""},"categories":[2],"tags":[],"class_list":["post-973","post","type-post","status-publish","format-standard","has-post-thumbnail","hentry","category-aktuelles"],"_links":{"self":[{"href":"https:\/\/www.musikverein-neuthard.de\/index.php\/wp-json\/wp\/v2\/posts\/973","targetHints":{"allow":["GET"]}}],"collection":[{"href":"https:\/\/www.musikverein-neuthard.de\/index.php\/wp-json\/wp\/v2\/posts"}],"about":[{"href":"https:\/\/www.musikverein-neuthard.de\/index.php\/wp-json\/wp\/v2\/types\/post"}],"author":[{"embeddable":true,"href":"https:\/\/www.musikverein-neuthard.de\/index.php\/wp-json\/wp\/v2\/users\/3"}],"replies":[{"embeddable":true,"href":"https:\/\/www.musikverein-neuthard.de\/index.php\/wp-json\/wp\/v2\/comments?post=973"}],"version-history":[{"count":4,"href":"https:\/\/www.musikverein-neuthard.de\/index.php\/wp-json\/wp\/v2\/posts\/973\/revisions"}],"predecessor-version":[{"id":1020,"href":"https:\/\/www.musikverein-neuthard.de\/index.php\/wp-json\/wp\/v2\/posts\/973\/revisions\/1020"}],"wp:featuredmedia":[{"embeddable":true,"href":"https:\/\/www.musikverein-neuthard.de\/index.php\/wp-json\/wp\/v2\/media\/975"}],"wp:attachment":[{"href":"https:\/\/www.musikverein-neuthard.de\/index.php\/wp-json\/wp\/v2\/media?parent=973"}],"wp:term":[{"taxonomy":"category","embeddable":true,"href":"https:\/\/www.musikverein-neuthard.de\/index.php\/wp-json\/wp\/v2\/categories?post=973"},{"taxonomy":"post_tag","embeddable":true,"href":"https:\/\/www.musikverein-neuthard.de\/index.php\/wp-json\/wp\/v2\/tags?post=973"}],"curies":[{"name":"wp","href":"https:\/\/api.w.org\/{rel}","templated":true}]}}